{"id":12193,"date":"2025-03-25T13:06:32","date_gmt":"2025-03-25T12:06:32","guid":{"rendered":"https:\/\/elcafedepipa.com\/?p=12193"},"modified":"2025-03-25T13:06:33","modified_gmt":"2025-03-25T12:06:33","slug":"programa-de-visites-guiades-coneixent-castello-sud-descobreix-el-cor-dels-nostres-municipis","status":"publish","type":"post","link":"https:\/\/elcafedepipa.com\/index.php\/2025\/03\/25\/programa-de-visites-guiades-coneixent-castello-sud-descobreix-el-cor-dels-nostres-municipis\/","title":{"rendered":"Programa de Visites Guiades Coneixent Castell\u00f3 Sud: Descobreix el cor dels nostres municipis"},"content":{"rendered":"\n<p><em><strong>Ara obert al p\u00fablic, aquest programa convida a con\u00e8ixer detalladament els carrers, monuments i secrets dels 10 pobles que conformen el dest\u00ed, a trav\u00e9s de visites guiades que es convertiran en experi\u00e8ncies inoblidables.<\/strong><\/em><\/p>\n\n\n\n<p>El Consorci Gestor del Pacte Territorial per l&#8217;Ocupaci\u00f3 de la Plana Baixa es complau d&#8217;anunciar l&#8217;obertura al p\u00fablic del programa de visites guiades \u201cConeixent Castell\u00f3 Sud\u201d. Fins ara dirigit principalment a professionals del sector tur\u00edstic (tant dels serveis p\u00fablics com de les empreses del sector), aquest programa es renova per a oferir a tots els ciutadans l&#8217;oportunitat de con\u00e8ixer en profunditat els 10 municipis que formen part del dest\u00ed Castell\u00f3 Sud. Amb aquesta iniciativa, es pret\u00e9n donar a con\u00e8ixer els racons, monuments, curiositats i secrets que fan \u00fanica a la nostra terra, fomentant el turisme cultural i de proximitat.<\/p>\n\n\n\n<p><strong>Objectius del Programa<\/strong><\/p>\n\n\n\n<p>El principal objectiu de \u201cConeixent Castell\u00f3 Sud\u201d \u00e9s acostar al p\u00fablic en general la riquesa i diversitat dels pobles que conformen el dest\u00ed. L&#8217;experi\u00e8ncia permetr\u00e0 als assistents descobrir la hist\u00f2ria, l&#8217;arquitectura i la cultura local, al mateix temps que se sorprenen amb detalls inesperats i activitats complement\u00e0ries que enriqueixen la visita. A m\u00e9s, el programa busca contribuir al fet que els visitants, tant locals com forans, coneguin de primera m\u00e0 la qualitat i el valor dels recursos tur\u00edstics que ofereix la comarca, impulsant aix\u00ed el desenvolupament i la competitivitat del territori.<\/p>\n\n\n\n<p><strong>Dates i Punts de Trobada<\/strong><\/p>\n\n\n\n<p>Durant el 2025 s&#8217;han programat diverses edicions perqu\u00e8 tots els interessats puguin gaudir d&#8217;aquesta experi\u00e8ncia. A continuaci\u00f3, es detallen les dates i punts de partida de cada visita:<\/p>\n\n\n\n<ul class=\"wp-block-list\">\n<li><strong>Eslida<\/strong> \u2013 Dissabte 5 d&#8217;abril, 2025: Sortida des del Centre d&#8217;Interpretaci\u00f3 del Parc Natural de la Serra d&#8217;Espad\u00e0 a les 10.00 h.h.<\/li>\n<\/ul>\n\n\n\n<ul class=\"wp-block-list\">\n<li><strong>Nules<\/strong> \u2013 Dissabte 10 de maig, 2025: Punt de trobada en la Pla\u00e7a Major a les 10.00 h.<\/li>\n<\/ul>\n\n\n\n<ul class=\"wp-block-list\">\n<li><strong>Xilxes<\/strong> \u2013 Dissabte 6 de setembre, 2025: Reuni\u00f3 en la Pla\u00e7a d&#8217;Espanya a les 18.00 h.<\/li>\n<\/ul>\n\n\n\n<ul class=\"wp-block-list\">\n<li><strong>La Llosa <\/strong>\u2013 Dissabte 4 d&#8217;octubre, 2025: Inici en la Pla\u00e7a d&#8217;Espanya a les\u00a0\u00a0\u00a0 10.00 h.<br><br><\/li>\n\n\n\n<li><strong>La Vall d&#8217;Uix\u00f3<\/strong> \u2013 Dissabte 13 de desembre, 2025: Punt de partida en la Pla\u00e7a Ducs de Sogorb a les 10.00 h.<\/li>\n<\/ul>\n\n\n\n<p>Cada sortida ha estat acuradament planificada per a oferir una experi\u00e8ncia completa que inclogui no sols la visita guiada, sin\u00f3 tamb\u00e9 alguna sorpresa especial per als assistents que reforci el sentit de pertinen\u00e7a i l&#8217;orgull pels nostres pobles.<\/p>\n\n\n\n<p><strong>Instruccions i Recomanacions<\/strong><\/p>\n\n\n\n<p>Per a garantir el gaudi i la seguretat de tots els participants, es recomana reservar la pla\u00e7a amb antelaci\u00f3, ja que l&#8217;aforament \u00e9s limitat. La inscripci\u00f3, encara que es faran publicacions individuals on es facilitar\u00e0 un enlla\u00e7 per a apuntar-se, es pot anar reservant ja la pla\u00e7a mitjan\u00e7ant el correu electr\u00f2nic: empreses@activemlaplanabaixa.es. A m\u00e9s, s&#8217;aconsella als assistents portar roba i cal\u00e7at c\u00f2modes, aix\u00ed com capell, aigua i protecci\u00f3 solar. Se suggereix arribar 10 minuts abans de l&#8217;hora de sortida per a assegurar una puntualitat que permeti gaudir de cada detall sense contratemps.<\/p>\n\n\n\n<p><strong>Conclusions<\/strong><\/p>\n\n\n\n<p>La transformaci\u00f3 de \u201cConeixent Castell\u00f3 Sud\u201d en un programa obert al p\u00fablic suposa un avan\u00e7 significatiu en l&#8217;estrat\u00e8gia de difusi\u00f3 del nostre dest\u00ed. Aquesta iniciativa no sols enforteix la imatge de Castell\u00f3 Sud com un territori ric en cultura i tradicions, sin\u00f3 que tamb\u00e9 fomenta el turisme sostenible i de proximitat, que respecta i valora la identitat de cadascun dels nostres municipis. Convidem a tots els interessats a participar i a descobrir l&#8217;encant i la hist\u00f2ria de cada rac\u00f3 que fa de Castell\u00f3 Sud un dest\u00ed \u00fanic i ple de vida.<\/p>\n\n\n\n<p>El Consorci reafirma el seu comprom\u00eds d&#8217;impulsar el desenvolupament tur\u00edstic i cultural del territori, treballant en col\u00b7laboraci\u00f3 amb les administracions locals, empreses i ciutadans per a continuar construint un futur prometedor per a la comarca. <\/p>\n","protected":false},"excerpt":{"rendered":"<p>Ara obert al p\u00fablic, aquest programa convida a con\u00e8ixer detalladament els carrers, monuments i secrets dels 10 pobles que conformen el dest\u00ed, a trav\u00e9s de visites guiades que es convertiran en experi\u00e8ncies inoblidables. El Consorci Gestor del Pacte Territorial per l&#8217;Ocupaci\u00f3 de la Plana Baixa es complau d&#8217;anunciar l&#8217;obertura al p\u00fablic del programa de visites &#8230; <a title=\"Programa de Visites Guiades Coneixent Castell\u00f3 Sud: Descobreix el cor dels nostres municipis\" class=\"read-more\" href=\"https:\/\/elcafedepipa.com\/index.php\/2025\/03\/25\/programa-de-visites-guiades-coneixent-castello-sud-descobreix-el-cor-dels-nostres-municipis\/\" aria-label=\"M\u00e9s informaci\u00f3 sobre Programa de Visites Guiades Coneixent Castell\u00f3 Sud: Descobreix el cor dels nostres municipis\">Read more<\/a><\/p>\n","protected":false},"author":2,"featured_media":12195,"comment_status":"closed","ping_status":"closed","sticky":false,"template":"","format":"standard","meta":{"om_disable_all_campaigns":false,"_monsterinsights_skip_tracking":false,"_monsterinsights_sitenote_active":false,"_monsterinsights_sitenote_note":"","_monsterinsights_sitenote_category":0,"_uf_show_specific_survey":0,"_uf_disable_surveys":false,"footnotes":""},"categories":[10],"tags":[],"class_list":["post-12193","post","type-post","status-publish","format-standard","has-post-thumbnail","hentry","category-provinciadecastello"],"_links":{"self":[{"href":"https:\/\/elcafedepipa.com\/index.php\/wp-json\/wp\/v2\/posts\/12193","targetHints":{"allow":["GET"]}}],"collection":[{"href":"https:\/\/elcafedepipa.com\/index.php\/wp-json\/wp\/v2\/posts"}],"about":[{"href":"https:\/\/elcafedepipa.com\/index.php\/wp-json\/wp\/v2\/types\/post"}],"author":[{"embeddable":true,"href":"https:\/\/elcafedepipa.com\/index.php\/wp-json\/wp\/v2\/users\/2"}],"replies":[{"embeddable":true,"href":"https:\/\/elcafedepipa.com\/index.php\/wp-json\/wp\/v2\/comments?post=12193"}],"version-history":[{"count":0,"href":"https:\/\/elcafedepipa.com\/index.php\/wp-json\/wp\/v2\/posts\/12193\/revisions"}],"wp:featuredmedia":[{"embeddable":true,"href":"https:\/\/elcafedepipa.com\/index.php\/wp-json\/wp\/v2\/media\/12195"}],"wp:attachment":[{"href":"https:\/\/elcafedepipa.com\/index.php\/wp-json\/wp\/v2\/media?parent=12193"}],"wp:term":[{"taxonomy":"category","embeddable":true,"href":"https:\/\/elcafedepipa.com\/index.php\/wp-json\/wp\/v2\/categories?post=12193"},{"taxonomy":"post_tag","embeddable":true,"href":"https:\/\/elcafedepipa.com\/index.php\/wp-json\/wp\/v2\/tags?post=12193"}],"curies":[{"name":"wp","href":"https:\/\/api.w.org\/{rel}","templated":true}]}}