{"id":12187,"date":"2025-03-25T12:47:22","date_gmt":"2025-03-25T11:47:22","guid":{"rendered":"https:\/\/elcafedepipa.com\/?p=12187"},"modified":"2025-03-25T12:47:23","modified_gmt":"2025-03-25T11:47:23","slug":"mascarell-torna-a-tinde-alcalde","status":"publish","type":"post","link":"https:\/\/elcafedepipa.com\/index.php\/2025\/03\/25\/mascarell-torna-a-tinde-alcalde\/","title":{"rendered":"Mascarell torna a tinde Alcalde"},"content":{"rendered":"\n<p><strong>Alejandro Barrios \u00e9s el representant del ve\u00efnat per als pr\u00f2xims anys<\/strong><\/p>\n\n\n\n<p>Mascarell torna a tindre alcalde, Alejandro Barrios Molina \u00e9s ja el m\u00e0xim representant del ve\u00efnat d\u2019aquesta localitat, de manera que es preveu celebrar l\u2019acte oficial d\u2019investidura el pr\u00f2xim 12 d\u2019abril.<\/p>\n\n\n\n<p>Aix\u00ed, l\u2019Alcalde de Nules, David Garc\u00eda, ha delegat aquestes funcions en aquest ve\u00ed de Mascarell que exercir\u00e0 aquest c\u00e0rrec en els pr\u00f2xims anys encara que el termini d\u2019aquest c\u00e0rrec est\u00e0 subjecte al mandat de l\u2019alcalde que l\u2019ha nomenat i que podr\u00e0 remoure\u2019l quan ho considere convenient.<\/p>\n\n\n\n<p>Per tant, cal assenyalar que el representant del ve\u00efnat de Mascarell t\u00e9 car\u00e0cter d\u2019autoritat en el compliment dels quefers municipals, com a representant de l\u2019alcalde que l\u2019ha nomenat.<\/p>\n\n\n\n<p>L\u2019Alcalde de Nules, David Garc\u00eda, comenta al respecte que \u201cel nou alcalde de Mascarell \u00e9s una persona jove i implicada amb la seua poblaci\u00f3\u201d.<\/p>\n\n\n\n<p>Amb tot, aquest nomenament est\u00e0 fonamentat amb el Reial Decret 2568\/86 de 28 de novembre, pel qual s\u2019aprova el Reglament d\u2019Organitzaci\u00f3, Funcionament i R\u00e8gim Jur\u00eddic de les Entitats Locals, on en l\u2019article 122 es recull que en cadascun dels poblats i barris separats del nucli urb\u00e0 i que no constitu\u00efsquen entitat local, l\u2019alcalde podr\u00e0 nomenar un representant personal entre el ve\u00efnat resident.<\/p>\n","protected":false},"excerpt":{"rendered":"<p>Alejandro Barrios \u00e9s el representant del ve\u00efnat per als pr\u00f2xims anys Mascarell torna a tindre alcalde, Alejandro Barrios Molina \u00e9s ja el m\u00e0xim representant del ve\u00efnat d\u2019aquesta localitat, de manera que es preveu celebrar l\u2019acte oficial d\u2019investidura el pr\u00f2xim 12 d\u2019abril. Aix\u00ed, l\u2019Alcalde de Nules, David Garc\u00eda, ha delegat aquestes funcions en aquest ve\u00ed de &#8230; <a title=\"Mascarell torna a tinde Alcalde\" class=\"read-more\" href=\"https:\/\/elcafedepipa.com\/index.php\/2025\/03\/25\/mascarell-torna-a-tinde-alcalde\/\" aria-label=\"M\u00e9s informaci\u00f3 sobre Mascarell torna a tinde Alcalde\">Read more<\/a><\/p>\n","protected":false},"author":2,"featured_media":12188,"comment_status":"closed","ping_status":"closed","sticky":false,"template":"","format":"standard","meta":{"om_disable_all_campaigns":false,"_monsterinsights_skip_tracking":false,"_monsterinsights_sitenote_active":false,"_monsterinsights_sitenote_note":"","_monsterinsights_sitenote_category":0,"_uf_show_specific_survey":0,"_uf_disable_surveys":false,"footnotes":""},"categories":[1],"tags":[],"class_list":["post-12187","post","type-post","status-publish","format-standard","has-post-thumbnail","hentry","category-non-classe"],"_links":{"self":[{"href":"https:\/\/elcafedepipa.com\/index.php\/wp-json\/wp\/v2\/posts\/12187","targetHints":{"allow":["GET"]}}],"collection":[{"href":"https:\/\/elcafedepipa.com\/index.php\/wp-json\/wp\/v2\/posts"}],"about":[{"href":"https:\/\/elcafedepipa.com\/index.php\/wp-json\/wp\/v2\/types\/post"}],"author":[{"embeddable":true,"href":"https:\/\/elcafedepipa.com\/index.php\/wp-json\/wp\/v2\/users\/2"}],"replies":[{"embeddable":true,"href":"https:\/\/elcafedepipa.com\/index.php\/wp-json\/wp\/v2\/comments?post=12187"}],"version-history":[{"count":0,"href":"https:\/\/elcafedepipa.com\/index.php\/wp-json\/wp\/v2\/posts\/12187\/revisions"}],"wp:featuredmedia":[{"embeddable":true,"href":"https:\/\/elcafedepipa.com\/index.php\/wp-json\/wp\/v2\/media\/12188"}],"wp:attachment":[{"href":"https:\/\/elcafedepipa.com\/index.php\/wp-json\/wp\/v2\/media?parent=12187"}],"wp:term":[{"taxonomy":"category","embeddable":true,"href":"https:\/\/elcafedepipa.com\/index.php\/wp-json\/wp\/v2\/categories?post=12187"},{"taxonomy":"post_tag","embeddable":true,"href":"https:\/\/elcafedepipa.com\/index.php\/wp-json\/wp\/v2\/tags?post=12187"}],"curies":[{"name":"wp","href":"https:\/\/api.w.org\/{rel}","templated":true}]}}