{"id":12153,"date":"2025-03-24T15:13:43","date_gmt":"2025-03-24T14:13:43","guid":{"rendered":"https:\/\/elcafedepipa.com\/?p=12153"},"modified":"2025-03-24T15:13:44","modified_gmt":"2025-03-24T14:13:44","slug":"nules-ja-te-guanyadors-de-la-campanya-del-dia-del-pare","status":"publish","type":"post","link":"https:\/\/elcafedepipa.com\/index.php\/2025\/03\/24\/nules-ja-te-guanyadors-de-la-campanya-del-dia-del-pare\/","title":{"rendered":"Nules ja t\u00e9 guanyadors de la Campanya del dia del Pare"},"content":{"rendered":"\n<p><strong>S\u2019han sortejat un viatge amb tast de vi a La Rioja per a dos persones i cinc sopars o dinars per a dos persones en un restaurant local<\/strong><\/p>\n\n\n\n<p>Nules ja t\u00e9 les persones guanyadores de la campanya \u201cLes teues compres a Nules. Tenen premi!\u201d, amb la qual l\u2019Ajuntament de Nules ha volgut promocionar tamb\u00e9 enguany les compres al comer\u00e7 local per al Dia del Pare.<\/p>\n\n\n\n<p>En total s\u2019han sortejat sis premis, un viatge a La Rioja amb tast de vi a la Bodega Muga per a dos persones un cap de setmana, del que ha resultat guanyadora Rosa Almela Palmer; i cinc sopars o dinars per a dos persones en un restaurant del municipi, dels quals han estat guanyadors i guanyadores Carmen L\u00f3pez Garc\u00eda, Pedro Paradells Domingo, Inmaculada L\u00f3pez Aguilar, Juan Carlos Altabella Mira, i Mar\u00eda Amparo Alc\u00f3n Gozalbo.<\/p>\n\n\n\n<p>Cal assenyalar que, la campanya s\u2019ha desenvolupat&nbsp; els dies de l\u20191 al 19 de mar\u00e7, i ha estat un \u00e8xit de participaci\u00f3 amb m\u00e9s de mil butlletes dipositades a l\u2019urna.&nbsp; De fet, la&nbsp; regidora de Comer\u00e7, Gemma Carratal\u00e1, destaca que \u201cen aquesta campanya han estat 1.026 les participacions, de manera que anem a seguir treballant en aquesta l\u00ednia al llarg de tot l\u2019any, per tant seguim apostant per aquest tipus de campanyes de promoci\u00f3 del comer\u00e7 local\u201d.<\/p>\n","protected":false},"excerpt":{"rendered":"<p>S\u2019han sortejat un viatge amb tast de vi a La Rioja per a dos persones i cinc sopars o dinars per a dos persones en un restaurant local Nules ja t\u00e9 les persones guanyadores de la campanya \u201cLes teues compres a Nules. Tenen premi!\u201d, amb la qual l\u2019Ajuntament de Nules ha volgut promocionar tamb\u00e9 enguany &#8230; <a title=\"Nules ja t\u00e9 guanyadors de la Campanya del dia del Pare\" class=\"read-more\" href=\"https:\/\/elcafedepipa.com\/index.php\/2025\/03\/24\/nules-ja-te-guanyadors-de-la-campanya-del-dia-del-pare\/\" aria-label=\"M\u00e9s informaci\u00f3 sobre Nules ja t\u00e9 guanyadors de la Campanya del dia del Pare\">Read more<\/a><\/p>\n","protected":false},"author":2,"featured_media":12155,"comment_status":"closed","ping_status":"closed","sticky":false,"template":"","format":"standard","meta":{"om_disable_all_campaigns":false,"_monsterinsights_skip_tracking":false,"_monsterinsights_sitenote_active":false,"_monsterinsights_sitenote_note":"","_monsterinsights_sitenote_category":0,"_uf_show_specific_survey":0,"_uf_disable_surveys":false,"footnotes":""},"categories":[3],"tags":[],"class_list":["post-12153","post","type-post","status-publish","format-standard","has-post-thumbnail","hentry","category-nules"],"_links":{"self":[{"href":"https:\/\/elcafedepipa.com\/index.php\/wp-json\/wp\/v2\/posts\/12153","targetHints":{"allow":["GET"]}}],"collection":[{"href":"https:\/\/elcafedepipa.com\/index.php\/wp-json\/wp\/v2\/posts"}],"about":[{"href":"https:\/\/elcafedepipa.com\/index.php\/wp-json\/wp\/v2\/types\/post"}],"author":[{"embeddable":true,"href":"https:\/\/elcafedepipa.com\/index.php\/wp-json\/wp\/v2\/users\/2"}],"replies":[{"embeddable":true,"href":"https:\/\/elcafedepipa.com\/index.php\/wp-json\/wp\/v2\/comments?post=12153"}],"version-history":[{"count":0,"href":"https:\/\/elcafedepipa.com\/index.php\/wp-json\/wp\/v2\/posts\/12153\/revisions"}],"wp:featuredmedia":[{"embeddable":true,"href":"https:\/\/elcafedepipa.com\/index.php\/wp-json\/wp\/v2\/media\/12155"}],"wp:attachment":[{"href":"https:\/\/elcafedepipa.com\/index.php\/wp-json\/wp\/v2\/media?parent=12153"}],"wp:term":[{"taxonomy":"category","embeddable":true,"href":"https:\/\/elcafedepipa.com\/index.php\/wp-json\/wp\/v2\/categories?post=12153"},{"taxonomy":"post_tag","embeddable":true,"href":"https:\/\/elcafedepipa.com\/index.php\/wp-json\/wp\/v2\/tags?post=12153"}],"curies":[{"name":"wp","href":"https:\/\/api.w.org\/{rel}","templated":true}]}}