{"id":12116,"date":"2025-03-21T19:35:50","date_gmt":"2025-03-21T18:35:50","guid":{"rendered":"https:\/\/elcafedepipa.com\/?p=12116"},"modified":"2025-03-21T19:37:52","modified_gmt":"2025-03-21T18:37:52","slug":"alfondeguilla-presenta-la-21a-edicio-de-la-seua-passio-la-primera-despres-de-la-declaracio-dinteres-turistic-local","status":"publish","type":"post","link":"https:\/\/elcafedepipa.com\/index.php\/2025\/03\/21\/alfondeguilla-presenta-la-21a-edicio-de-la-seua-passio-la-primera-despres-de-la-declaracio-dinteres-turistic-local\/","title":{"rendered":"Alfondeguilla presenta la 21a edici\u00f3 de la seua Passi\u00f3, la primera despr\u00e9s de la declaraci\u00f3 d&#8217;inter\u00e9s tur\u00edstic local"},"content":{"rendered":"\n<p><strong>&nbsp;La dissenyadora del municipi Elena Torres crea el cartell anunciador<\/strong><\/p>\n\n\n\n<p>El Grup de Teatre Mans Obertes d&#8217;Alfondeguilla ha donat a con\u00e9ixer aquest divendres el cartell de la 21a edici\u00f3 de la Passi\u00f3, la primera despr\u00e9s de la declaraci\u00f3 de la representaci\u00f3 d&#8217;inter\u00e9s tur\u00edstic local i que tindr\u00e0 lloc dissabte 12 d&#8217;abril a les 22.30 hores.<\/p>\n\n\n\n<p>La creaci\u00f3 del material anunciador de la cita \u00e9s a c\u00e0rrec de la dissenyadora del muncipi Elena Torres. \u201cVaig voler captar l&#8217;ess\u00e8ncia del sacrifici a trav\u00e9s de la creu: la seua fusta aspra, testimoni del dolor, i el cam\u00ed de lliurament que representa\u201d, explica, afegint que en el seu centre figura \u201cla corona d&#8217;espines que no sols reflecteix el sofriment, sin\u00f3 tamb\u00e9 la promesa de redempci\u00f3\u201d.<\/p>\n\n\n\n<p>\u201cAmb aquesta imatge, vull transmetre la profunditat de la Passi\u00f3: el dolor que es converteix en esperan\u00e7a, el lliurament que dona sentit a la fe\u201d, sost\u00e9.<\/p>\n\n\n\n<p>El cartell es difondr\u00e0 des de hui mateix a trav\u00e9s de les xarxes socials i tamb\u00e9 de manera f\u00edsica en de les diferents localitats de la Plana Baixa, perqu\u00e8 la representaci\u00f3 atrau cada any a m\u00e9s de 1.500 persones, moltes de fora d&#8217;Alfondeguilla.<\/p>\n\n\n\n<p>El director de la Passi\u00f3, Sim\u00f3n Font, ha posat en valor el disseny d&#8217;Elena Torres i ha agra\u00eft la seua implicaci\u00f3 en la iniciativa que afronta una edici\u00f3 \u201cmolt destacada\u201d a l&#8217;\u00e9sser la primera declarada d&#8217;inter\u00e9s tur\u00edstic local. \u201cLa distinci\u00f3 referenda la import\u00e0ncia de la representaci\u00f3, que despr\u00e9s d&#8217;haver complit dues d\u00e8cades d&#8217;hist\u00f2ria continua creixent any rere any fonamentalment gr\u00e0cies a la implicaci\u00f3 d&#8217;una gran part dels ve\u00efns del poble, que s\u00f3n els que realment la fan possible\u201d, ha declarat Font.<\/p>\n\n\n","protected":false},"excerpt":{"rendered":"<p>&nbsp;La dissenyadora del municipi Elena Torres crea el cartell anunciador El Grup de Teatre Mans Obertes d&#8217;Alfondeguilla ha donat a con\u00e9ixer aquest divendres el cartell de la 21a edici\u00f3 de la Passi\u00f3, la primera despr\u00e9s de la declaraci\u00f3 de la representaci\u00f3 d&#8217;inter\u00e9s tur\u00edstic local i que tindr\u00e0 lloc dissabte 12 d&#8217;abril a les 22.30 hores. &#8230; <a title=\"Alfondeguilla presenta la 21a edici\u00f3 de la seua Passi\u00f3, la primera despr\u00e9s de la declaraci\u00f3 d&#8217;inter\u00e9s tur\u00edstic local\" class=\"read-more\" href=\"https:\/\/elcafedepipa.com\/index.php\/2025\/03\/21\/alfondeguilla-presenta-la-21a-edicio-de-la-seua-passio-la-primera-despres-de-la-declaracio-dinteres-turistic-local\/\" aria-label=\"M\u00e9s informaci\u00f3 sobre Alfondeguilla presenta la 21a edici\u00f3 de la seua Passi\u00f3, la primera despr\u00e9s de la declaraci\u00f3 d&#8217;inter\u00e9s tur\u00edstic local\">Read more<\/a><\/p>\n","protected":false},"author":2,"featured_media":12120,"comment_status":"closed","ping_status":"closed","sticky":false,"template":"","format":"standard","meta":{"om_disable_all_campaigns":false,"_monsterinsights_skip_tracking":false,"_monsterinsights_sitenote_active":false,"_monsterinsights_sitenote_note":"","_monsterinsights_sitenote_category":0,"_uf_show_specific_survey":0,"_uf_disable_surveys":false,"footnotes":""},"categories":[9],"tags":[],"class_list":["post-12116","post","type-post","status-publish","format-standard","has-post-thumbnail","hentry","category-alfondeguilla"],"_links":{"self":[{"href":"https:\/\/elcafedepipa.com\/index.php\/wp-json\/wp\/v2\/posts\/12116","targetHints":{"allow":["GET"]}}],"collection":[{"href":"https:\/\/elcafedepipa.com\/index.php\/wp-json\/wp\/v2\/posts"}],"about":[{"href":"https:\/\/elcafedepipa.com\/index.php\/wp-json\/wp\/v2\/types\/post"}],"author":[{"embeddable":true,"href":"https:\/\/elcafedepipa.com\/index.php\/wp-json\/wp\/v2\/users\/2"}],"replies":[{"embeddable":true,"href":"https:\/\/elcafedepipa.com\/index.php\/wp-json\/wp\/v2\/comments?post=12116"}],"version-history":[{"count":0,"href":"https:\/\/elcafedepipa.com\/index.php\/wp-json\/wp\/v2\/posts\/12116\/revisions"}],"wp:featuredmedia":[{"embeddable":true,"href":"https:\/\/elcafedepipa.com\/index.php\/wp-json\/wp\/v2\/media\/12120"}],"wp:attachment":[{"href":"https:\/\/elcafedepipa.com\/index.php\/wp-json\/wp\/v2\/media?parent=12116"}],"wp:term":[{"taxonomy":"category","embeddable":true,"href":"https:\/\/elcafedepipa.com\/index.php\/wp-json\/wp\/v2\/categories?post=12116"},{"taxonomy":"post_tag","embeddable":true,"href":"https:\/\/elcafedepipa.com\/index.php\/wp-json\/wp\/v2\/tags?post=12116"}],"curies":[{"name":"wp","href":"https:\/\/api.w.org\/{rel}","templated":true}]}}