{"id":12077,"date":"2025-03-21T12:33:46","date_gmt":"2025-03-21T11:33:46","guid":{"rendered":"https:\/\/elcafedepipa.com\/?p=12077"},"modified":"2025-03-21T12:33:47","modified_gmt":"2025-03-21T11:33:47","slug":"cap-de-setmana-de-magdalena-amb-oratge-variable-sol-vent-i-tempesta-el-diumenge","status":"publish","type":"post","link":"https:\/\/elcafedepipa.com\/index.php\/2025\/03\/21\/cap-de-setmana-de-magdalena-amb-oratge-variable-sol-vent-i-tempesta-el-diumenge\/","title":{"rendered":"Cap de setmana de Magdalena amb oratge variable: sol, vent i tempesta el diumenge."},"content":{"rendered":"\n<p>Castell\u00f3 viur\u00e0 un <strong>cap de setmana de Magdalena marcat pels contrastos meteorol\u00f2gics<\/strong>. Despr\u00e9s d&#8217;un divendres passat per aigua, el <strong>dissabte 22 de mar\u00e7<\/strong> es presenta <strong>ideal per gaudir de la festa al carrer<\/strong>: cel ras durant tota la jornada, temperatures agradables amb m\u00e0ximes de <strong>20\u202f\u00b0C<\/strong> i vents suaus de ponent que no superaran els <strong>20 km\/h<\/strong>.<\/p>\n\n\n\n<p>Una jornada perfecta per als actes m\u00e9s multitudinaris com la <strong>Desfilada de Gaiates<\/strong> o els concerts programats.<\/p>\n\n\n\n<p>No obstant aix\u00f2, la situaci\u00f3 canviar\u00e0 diumenge. El <strong>23 de mar\u00e7<\/strong> arribar\u00e0 una <strong>pertorbaci\u00f3 amb ruixats i possibilitat de tempesta a la vesprada<\/strong>, amb un 90% de probabilitat de precipitaci\u00f3 i una cota de neu que baixar\u00e0 fins als <strong>1.100 metres<\/strong>. Les temperatures cauran lleugerament amb m\u00e0ximes de <strong>17\u202f\u00b0C<\/strong> i el vent bufar\u00e0 de sud-oest moderat.<\/p>\n\n\n\n<p>Els assistents als actes del diumenge, com les mascletaes o la <strong>Romeria de les Canyes<\/strong>, hauran d\u2019estar pendents del cel i, per si de cas, <strong>portar el paraigua<\/strong>.<\/p>\n\n\n\n<p>La setmana comen\u00e7ar\u00e0 amb inestabilitat, mantenint la probabilitat de pluja dilluns i dimarts.<\/p>\n\n\n\n<p><strong>Recomanaci\u00f3<\/strong>: aprofitar el dissabte per viure la Magdalena en el carrer i consultar les actualitzacions de l\u2019oratge per als actes de diumenge.<\/p>\n\n\n\n<hr class=\"wp-block-separator has-alpha-channel-opacity\"\/>\n\n\n\n<p><strong>Font:<\/strong> <a href=\"https:\/\/www.aemet.es\/es\/eltiempo\/prediccion\/municipios\/vall-d-uixo-la-id12126\" data-type=\"link\" data-id=\"https:\/\/www.aemet.es\/es\/eltiempo\/prediccion\/municipios\/vall-d-uixo-la-id12126\">AEMET<\/a><br><strong>Avisos:<\/strong> Vent moderat al litoral sud de Castell\u00f3<\/p>\n\n\n\n<figure class=\"wp-block-image size-full\"><img fetchpriority=\"high\" decoding=\"async\" width=\"973\" height=\"496\" src=\"https:\/\/elcafedepipa.com\/wp-content\/uploads\/2025\/03\/aemet21mars.png\" alt=\"\" class=\"wp-image-12078\" srcset=\"https:\/\/elcafedepipa.com\/wp-content\/uploads\/2025\/03\/aemet21mars.png 973w, https:\/\/elcafedepipa.com\/wp-content\/uploads\/2025\/03\/aemet21mars-300x153.png 300w, https:\/\/elcafedepipa.com\/wp-content\/uploads\/2025\/03\/aemet21mars-768x391.png 768w\" sizes=\"(max-width: 973px) 100vw, 973px\" \/><\/figure>\n\n\n\n<p><\/p>\n\n\n\n<p><\/p>\n","protected":false},"excerpt":{"rendered":"<p>Castell\u00f3 viur\u00e0 un cap de setmana de Magdalena marcat pels contrastos meteorol\u00f2gics. Despr\u00e9s d&#8217;un divendres passat per aigua, el dissabte 22 de mar\u00e7 es presenta ideal per gaudir de la festa al carrer: cel ras durant tota la jornada, temperatures agradables amb m\u00e0ximes de 20\u202f\u00b0C i vents suaus de ponent que no superaran els 20 &#8230; <a title=\"Cap de setmana de Magdalena amb oratge variable: sol, vent i tempesta el diumenge.\" class=\"read-more\" href=\"https:\/\/elcafedepipa.com\/index.php\/2025\/03\/21\/cap-de-setmana-de-magdalena-amb-oratge-variable-sol-vent-i-tempesta-el-diumenge\/\" aria-label=\"M\u00e9s informaci\u00f3 sobre Cap de setmana de Magdalena amb oratge variable: sol, vent i tempesta el diumenge.\">Read more<\/a><\/p>\n","protected":false},"author":2,"featured_media":12079,"comment_status":"closed","ping_status":"closed","sticky":false,"template":"","format":"standard","meta":{"om_disable_all_campaigns":false,"_monsterinsights_skip_tracking":false,"_monsterinsights_sitenote_active":false,"_monsterinsights_sitenote_note":"","_monsterinsights_sitenote_category":0,"_uf_show_specific_survey":0,"_uf_disable_surveys":false,"footnotes":""},"categories":[10],"tags":[],"class_list":["post-12077","post","type-post","status-publish","format-standard","has-post-thumbnail","hentry","category-provinciadecastello"],"_links":{"self":[{"href":"https:\/\/elcafedepipa.com\/index.php\/wp-json\/wp\/v2\/posts\/12077","targetHints":{"allow":["GET"]}}],"collection":[{"href":"https:\/\/elcafedepipa.com\/index.php\/wp-json\/wp\/v2\/posts"}],"about":[{"href":"https:\/\/elcafedepipa.com\/index.php\/wp-json\/wp\/v2\/types\/post"}],"author":[{"embeddable":true,"href":"https:\/\/elcafedepipa.com\/index.php\/wp-json\/wp\/v2\/users\/2"}],"replies":[{"embeddable":true,"href":"https:\/\/elcafedepipa.com\/index.php\/wp-json\/wp\/v2\/comments?post=12077"}],"version-history":[{"count":0,"href":"https:\/\/elcafedepipa.com\/index.php\/wp-json\/wp\/v2\/posts\/12077\/revisions"}],"wp:featuredmedia":[{"embeddable":true,"href":"https:\/\/elcafedepipa.com\/index.php\/wp-json\/wp\/v2\/media\/12079"}],"wp:attachment":[{"href":"https:\/\/elcafedepipa.com\/index.php\/wp-json\/wp\/v2\/media?parent=12077"}],"wp:term":[{"taxonomy":"category","embeddable":true,"href":"https:\/\/elcafedepipa.com\/index.php\/wp-json\/wp\/v2\/categories?post=12077"},{"taxonomy":"post_tag","embeddable":true,"href":"https:\/\/elcafedepipa.com\/index.php\/wp-json\/wp\/v2\/tags?post=12077"}],"curies":[{"name":"wp","href":"https:\/\/api.w.org\/{rel}","templated":true}]}}