{"id":12047,"date":"2025-03-20T19:07:29","date_gmt":"2025-03-20T18:07:29","guid":{"rendered":"https:\/\/elcafedepipa.com\/?p=12047"},"modified":"2025-03-20T23:25:28","modified_gmt":"2025-03-20T22:25:28","slug":"lajuntament-de-la-vall-traslladara-els-residents-del-llar-sagrada-familia-a-la-nova-residencia-de-la-colonia-san-antonio-per-a-resoldre-una-situacio-danomalia-historica-i-denuncia-falta-de-dia","status":"publish","type":"post","link":"https:\/\/elcafedepipa.com\/index.php\/2025\/03\/20\/lajuntament-de-la-vall-traslladara-els-residents-del-llar-sagrada-familia-a-la-nova-residencia-de-la-colonia-san-antonio-per-a-resoldre-una-situacio-danomalia-historica-i-denuncia-falta-de-dia\/","title":{"rendered":"L&#8217;Ajuntament de la Vall traslladar\u00e0 els residents del Llar Sagrada Fam\u00edlia a la nova Resid\u00e8ncia de la Colonia San Antonio per a &#8220;resoldre una situaci\u00f3 d&#8217;anomalia hist\u00f2rica&#8221; i denuncia falta de di\u00e0leg de Conselleria."},"content":{"rendered":"\n<p><strong>Anuncia tamb\u00e9 que posa a disposici\u00f3 de la Generalitat un terreny dotacional en el Barri Carmadai per a que es puga construir una nova resid\u00e8ncia p\u00fablica amb la major rapidesa possible.<\/strong><\/p>\n\n\n\n<p>L&#8217;alcaldessa de la Vall d&#8217;Uix\u00f3, Tania Ba\u00f1os, i el regidor de Serveis Socials, Jorge Marqu\u00e9s, acompanyats pels tamb\u00e9 regidors Fernando Dar\u00f3s, Jorge Garc\u00eda i la regidora Zaida Moreno han fet p\u00fablica esta vesprada la decisi\u00f3 de traslladar els actuals residents del Llar Sagrada Fam\u00edlia a la nova resid\u00e8ncia que s&#8217;ha constru\u00eft al costat de la Colonia San Antonio davant la falta de &#8220;di\u00e0leg amb la Conselleria que no permet resoldre una anomalia hist\u00f2rica que t\u00e9 l&#8217;edifici del carrer Almenara&#8221; que cal recordar que estava en r\u00e8gim de cessi\u00f3 i que acaba al maig de 2025. Per tant, el Llar Sagrada Fam\u00edlia passar\u00e0 a ser, almenys de moment, un Centre de dia.<\/p>\n\n\n\n<p>Des de 1995 han sigut moltes i diverses les vicissituds que ha patit el local propietat de Caixa la Vall, des de la llic\u00e8ncia d&#8217;apertura de 1996 que condicionava la llic\u00e8ncia d&#8217;activitat a que l&#8217;oficina t\u00e8cnica fes una revisi\u00f3; la reforma de 1998; la posterior denegaci\u00f3 de llic\u00e8ncia d&#8217;activitat a l&#8217;octubre de 2003; la reforma de 2016 i diferents requeriments de Conselleria que han anat incorporant-se en els darrers anys. En la passada legistatura es va iniciar un proc\u00e9s de transfer\u00e8ncia de la gesti\u00f3 a la Generalitat Valenciana que no ha prosperat i recentment una llei retardava el trasp\u00e0s fins l&#8217;any 2030.<\/p>\n\n\n\n<p>Aix\u00ed les coses, hui s&#8217;ha anunciat aquesta decisi\u00f3 per part del Consistori assegurant que la nova infraestructura compta amb instal\u00b7lacions modernes i adaptades a les necesitats reals dels usuaris i usuaries. En el que fa refer\u00e8ncia als treballadors i treballadores, des de l&#8217;Ajuntament asseguren que garantitzar\u00e0 la continu\u00eftat del 72,5% del personal, el total dels funcionaris de carrera, que seran reubicats en altres serveis d&#8217;atenci\u00f3 b\u00e0sica i de serveis socials.<\/p>\n\n\n\n<p>Per \u00faltim tamb\u00e9 han assenyalat que esperen que aquesta situaci\u00f3 siga transit\u00f2ria fins que la Generalitat assumisca la seua responsabilitat, afegint que posaran a disposici\u00f3 de la mateixa un terreny dotacional en el Barri Carmadai per a que es puga construir una nova resid\u00e8ncia p\u00fablica amb la major rapidesa possible pe a atendre la demanda de la ciutadania.<\/p>\n\n\n\n<p>El texte \u00edntegre del comunicat \u00e9s el seg\u00fcent:<\/p>\n\n\n\n<p><strong><em>L&#8217;Ajuntament de la Vall d&#8217;Uix\u00f3 informa que ha pres la decisi\u00f3 ferma i responsable de donar soluci\u00f3 a la situaci\u00f3 d&#8217;anomalia historica de la residencia Llar Sagrada Fam\u00edlia, garantint aix\u00ed la qualitat en l&#8217;atenci\u00f3 a les persones majors i l&#8217;estabilitat del personal que presta aquest servei.<\/em><\/strong><\/p>\n\n\n\n<p><strong><em>L&#8217;Ajuntament sempre ha defensat que la gesti\u00f3 de la resid\u00e8ncia correspon a la Generalitat Valenciana, en compliment de les compet\u00e8ncies en mat\u00e8ria de serveis socials. Per aquest motiu, en la passada legislatura es va iniciar el proc\u00e9s de transfer\u00e8ncia. No obstant aix\u00f2, amb el canvi de govern autonomic, aquest dialeg s&#8217;ha vist interromput i el trasp\u00e0s s&#8217;ha bloquejat definitivament amb l&#8217;aprovaci\u00f3 d&#8217;una llei que retarda el trasp\u00e0s fins a l&#8217;any 2030.<\/em><\/strong><\/p>\n\n\n\n<p><strong><em>Davant d&#8217;aquesta situaci\u00f3 i la impossibilitat de di\u00e0leg amb la Conselleria, aix\u00ed com tenint en compte que l&#8217;actual edifici de la resid\u00e8ncia no \u00e9s de titularitat municipal, \u00e9s antic i no reuneix les condicions \u00f2ptimes per a prestar un servei de qualitat durant m\u00e9s anys, l&#8217;Ajuntament ha decidit traslladar els residents a la nova resid\u00e8ncia de gent gran situada al costat de la Col\u00f2nia San Antonio. Aquesta nova infraestructura compta amb instal\u00b7lacions modernes i adaptades a les necessitats dels usuaris i usuaries.<\/em><\/strong><\/p>\n\n\n\n<p><strong><em>Pel que fa a l&#8217;equip de professionals, l&#8217;Ajuntament fa un gran esfor\u00e7 per a garantir la continu\u00eftat del 72,5% del personal, el total dels funcionaris de carrera, que seran reubicats en altres serveis d&#8217;atenci\u00f3 b\u00e0sica i de serveis socials, els quals es veuran refor\u00e7ats i ampliats. Aix\u00ed mateix, el comprom\u00eds amb el personal inter\u00ed es tradueix en la posada en marxa d&#8217;un pla que facilitar\u00e0 la seua participaci\u00f3 en les borses d&#8217;ocupaci\u00f3 d&#8217;aquests serveis municipals.<\/em><\/strong><\/p>\n\n\n\n<p><strong><em>A m\u00e9s, l&#8217;Ajuntament posa a disposici\u00f3 de la Generalitat Valenciana un terreny dotacional en el barri de Carmadai perqu\u00e9, puga construir una nova resid\u00e8ncia p\u00fablica amb la major rapidesa possible per a atendre la demanda de la ciutadania. La intenci\u00f3 del consistori \u00e9s que aquesta situaci\u00f3 siga transitoria fins que la Generalitat assumisca la seua responsabilitat i cree una infraestructura adequada per a la Vall d&#8217;Uix\u00f3.<\/em><\/strong><\/p>\n\n\n\n<p><strong><em>Des de l&#8217;Ajuntament, reafirmem el nostre comprom\u00eds amb la millora dels serveis socials p\u00fablics, la dignificaci\u00f3 de l&#8217;atenci\u00f3 a les persones majors i la gesti\u00f3 eficient dels recursos p\u00fablics, sempre amb l&#8217;objectiu de garantir el benestar i els interessos generals de la ciutadania de la Vall d&#8217;Uix\u00f3.<\/em><\/strong><\/p>\n\n\n\n<figure class=\"wp-block-image size-large\"><img fetchpriority=\"high\" decoding=\"async\" width=\"1024\" height=\"768\" src=\"https:\/\/elcafedepipa.com\/wp-content\/uploads\/2025\/03\/llar2-1024x768.jpeg\" alt=\"\" class=\"wp-image-12048\" srcset=\"https:\/\/elcafedepipa.com\/wp-content\/uploads\/2025\/03\/llar2-1024x768.jpeg 1024w, https:\/\/elcafedepipa.com\/wp-content\/uploads\/2025\/03\/llar2-300x225.jpeg 300w, https:\/\/elcafedepipa.com\/wp-content\/uploads\/2025\/03\/llar2-768x576.jpeg 768w, https:\/\/elcafedepipa.com\/wp-content\/uploads\/2025\/03\/llar2-1536x1152.jpeg 1536w, https:\/\/elcafedepipa.com\/wp-content\/uploads\/2025\/03\/llar2.jpeg 1600w\" sizes=\"(max-width: 1024px) 100vw, 1024px\" \/><\/figure>\n","protected":false},"excerpt":{"rendered":"<p>Anuncia tamb\u00e9 que posa a disposici\u00f3 de la Generalitat un terreny dotacional en el Barri Carmadai per a que es puga construir una nova resid\u00e8ncia p\u00fablica amb la major rapidesa possible. L&#8217;alcaldessa de la Vall d&#8217;Uix\u00f3, Tania Ba\u00f1os, i el regidor de Serveis Socials, Jorge Marqu\u00e9s, acompanyats pels tamb\u00e9 regidors Fernando Dar\u00f3s, Jorge Garc\u00eda i &#8230; <a title=\"L&#8217;Ajuntament de la Vall traslladar\u00e0 els residents del Llar Sagrada Fam\u00edlia a la nova Resid\u00e8ncia de la Colonia San Antonio per a &#8220;resoldre una situaci\u00f3 d&#8217;anomalia hist\u00f2rica&#8221; i denuncia falta de di\u00e0leg de Conselleria.\" class=\"read-more\" href=\"https:\/\/elcafedepipa.com\/index.php\/2025\/03\/20\/lajuntament-de-la-vall-traslladara-els-residents-del-llar-sagrada-familia-a-la-nova-residencia-de-la-colonia-san-antonio-per-a-resoldre-una-situacio-danomalia-historica-i-denuncia-falta-de-dia\/\" aria-label=\"M\u00e9s informaci\u00f3 sobre L&#8217;Ajuntament de la Vall traslladar\u00e0 els residents del Llar Sagrada Fam\u00edlia a la nova Resid\u00e8ncia de la Colonia San Antonio per a &#8220;resoldre una situaci\u00f3 d&#8217;anomalia hist\u00f2rica&#8221; i denuncia falta de di\u00e0leg de Conselleria.\">Read more<\/a><\/p>\n","protected":false},"author":2,"featured_media":12049,"comment_status":"closed","ping_status":"closed","sticky":false,"template":"","format":"standard","meta":{"om_disable_all_campaigns":false,"_monsterinsights_skip_tracking":false,"_monsterinsights_sitenote_active":false,"_monsterinsights_sitenote_note":"","_monsterinsights_sitenote_category":0,"_uf_show_specific_survey":0,"_uf_disable_surveys":false,"footnotes":""},"categories":[1],"tags":[],"class_list":["post-12047","post","type-post","status-publish","format-standard","has-post-thumbnail","hentry","category-non-classe"],"_links":{"self":[{"href":"https:\/\/elcafedepipa.com\/index.php\/wp-json\/wp\/v2\/posts\/12047","targetHints":{"allow":["GET"]}}],"collection":[{"href":"https:\/\/elcafedepipa.com\/index.php\/wp-json\/wp\/v2\/posts"}],"about":[{"href":"https:\/\/elcafedepipa.com\/index.php\/wp-json\/wp\/v2\/types\/post"}],"author":[{"embeddable":true,"href":"https:\/\/elcafedepipa.com\/index.php\/wp-json\/wp\/v2\/users\/2"}],"replies":[{"embeddable":true,"href":"https:\/\/elcafedepipa.com\/index.php\/wp-json\/wp\/v2\/comments?post=12047"}],"version-history":[{"count":0,"href":"https:\/\/elcafedepipa.com\/index.php\/wp-json\/wp\/v2\/posts\/12047\/revisions"}],"wp:featuredmedia":[{"embeddable":true,"href":"https:\/\/elcafedepipa.com\/index.php\/wp-json\/wp\/v2\/media\/12049"}],"wp:attachment":[{"href":"https:\/\/elcafedepipa.com\/index.php\/wp-json\/wp\/v2\/media?parent=12047"}],"wp:term":[{"taxonomy":"category","embeddable":true,"href":"https:\/\/elcafedepipa.com\/index.php\/wp-json\/wp\/v2\/categories?post=12047"},{"taxonomy":"post_tag","embeddable":true,"href":"https:\/\/elcafedepipa.com\/index.php\/wp-json\/wp\/v2\/tags?post=12047"}],"curies":[{"name":"wp","href":"https:\/\/api.w.org\/{rel}","templated":true}]}}