{"id":12036,"date":"2025-03-20T13:59:29","date_gmt":"2025-03-20T12:59:29","guid":{"rendered":"https:\/\/elcafedepipa.com\/?p=12036"},"modified":"2025-03-20T13:59:30","modified_gmt":"2025-03-20T12:59:30","slug":"pspv-castello-mazon-tambe-fugira-de-les-festes-de-la-magdalena-despres-de-bunkeritzar-se-al-palau-en-falles-per-a-no-escoltar-el-poble","status":"publish","type":"post","link":"https:\/\/elcafedepipa.com\/index.php\/2025\/03\/20\/pspv-castello-mazon-tambe-fugira-de-les-festes-de-la-magdalena-despres-de-bunkeritzar-se-al-palau-en-falles-per-a-no-escoltar-el-poble\/","title":{"rendered":"PSPV Castell\u00f3 : Maz\u00f3n tamb\u00e9 fugir\u00e0 de les festes de la Magdalena despr\u00e9s de bunkeritzar-se al Palau en Falles per a no escoltar el poble?"},"content":{"rendered":"\n<p><strong>El secretari general del PSPV-PSOE<\/strong> <strong>de Castell\u00f3, s\u2019ha preguntat<\/strong> si Maz\u00f3n continuar\u00e0 amagant-se de la ciutadania i si tamb\u00e9 evitar\u00e0 acudir a les festes de la Magdalena, tal com ha fet amb les Falles de Val\u00e8ncia, on nom\u00e9s es va atrevir a apar\u00e9ixer a la \u2018crem\u00e0\u2019 d\u2019amagades per a evitar escoltar el poble. \u201c\u00c9s una aut\u00e8ntica anomalia democr\u00e0tica que un president &#8211;bunkeritzat al Palau&#8211; deixe de costat les seues obligacions institucionals perqu\u00e8 sap que ning\u00fa el vol ni el suporta. Aix\u00f2 \u00e9s el s\u00edmptoma clar que la seua traject\u00f2ria pol\u00edtica est\u00e0 acabada i que ha d\u2019anar-se\u2019n a casa\u201d, ha afirmat. \u00a0<\/p>\n\n\n\n<p><strong>El l\u00edder provincial dels socialistes<\/strong> ha anat m\u00e9s enll\u00e0 i ha tornat a exigir eleccions anticipades \u201cper a acabar amb aquest desprop\u00f2sit de govern\u201d. \u201cAquesta setmana, el PP ha acabat de llevar-se la careta i ha anunciat una nova era \u2018ultra\u2019 a la Comunitat Valenciana amb un programa pol\u00edtic que poc t\u00e9 a vore amb el que es van presentar a les eleccions. Estem, doncs, davant una farsa i un engany a la ciutadania que els invalida per al c\u00e0rrec. Ja no \u00e9s nom\u00e9s que se\u2019n vagen de dinar mentre la gent s\u2019ofegava amb el fang, \u00e9s que ara es venen la seua \u00e0nima als radicals per a mantindre la poltrona, en especial Maz\u00f3n, qui aguanta per a assegurar-se el sou anual de 75.000 euros i cotxe oficial que pot gaudir en virtut de l\u2019Estatut d\u2019expresidents\u201d, ha denunciat Falomir. \u00a0<\/p>\n\n\n\n<p><strong>Falomir ha assegurat<\/strong> que el pacte de pressupostos amb Vox, i que suposa retallades en pol\u00edtiques contra el canvi clim\u00e0tic\u201d, \u00e9s un insult a les v\u00edctimes i una neglig\u00e8ncia absoluta\u201d. \u201cMaz\u00f3n est\u00e0 dient que la soluci\u00f3 per a mitigar el canvi clim\u00e0tic, a qui la ci\u00e8ncia atribueix la fat\u00eddica DANA del 29 d\u2019octubre, \u00e9s retallar. \u00c9s un desprop\u00f2sit i fastig\u00f3s el que estan fent, els han comprat el discurs punt per punt a l\u2019extrema dreta, fins al punt que tenim el govern m\u00e9s racista i negacionista d\u2019Espanya\u201d.<\/p>\n\n\n\n<p><\/p>\n\n\n\n<p><\/p>\n","protected":false},"excerpt":{"rendered":"<p>El secretari general del PSPV-PSOE de Castell\u00f3, s\u2019ha preguntat si Maz\u00f3n continuar\u00e0 amagant-se de la ciutadania i si tamb\u00e9 evitar\u00e0 acudir a les festes de la Magdalena, tal com ha fet amb les Falles de Val\u00e8ncia, on nom\u00e9s es va atrevir a apar\u00e9ixer a la \u2018crem\u00e0\u2019 d\u2019amagades per a evitar escoltar el poble. \u201c\u00c9s una &#8230; <a title=\"PSPV Castell\u00f3 : Maz\u00f3n tamb\u00e9 fugir\u00e0 de les festes de la Magdalena despr\u00e9s de bunkeritzar-se al Palau en Falles per a no escoltar el poble?\" class=\"read-more\" href=\"https:\/\/elcafedepipa.com\/index.php\/2025\/03\/20\/pspv-castello-mazon-tambe-fugira-de-les-festes-de-la-magdalena-despres-de-bunkeritzar-se-al-palau-en-falles-per-a-no-escoltar-el-poble\/\" aria-label=\"M\u00e9s informaci\u00f3 sobre PSPV Castell\u00f3 : Maz\u00f3n tamb\u00e9 fugir\u00e0 de les festes de la Magdalena despr\u00e9s de bunkeritzar-se al Palau en Falles per a no escoltar el poble?\">Read more<\/a><\/p>\n","protected":false},"author":2,"featured_media":12037,"comment_status":"closed","ping_status":"closed","sticky":false,"template":"","format":"standard","meta":{"om_disable_all_campaigns":false,"_monsterinsights_skip_tracking":false,"_monsterinsights_sitenote_active":false,"_monsterinsights_sitenote_note":"","_monsterinsights_sitenote_category":0,"_uf_show_specific_survey":0,"_uf_disable_surveys":false,"footnotes":""},"categories":[11],"tags":[],"class_list":["post-12036","post","type-post","status-publish","format-standard","has-post-thumbnail","hentry","category-comunitatvalenciana"],"_links":{"self":[{"href":"https:\/\/elcafedepipa.com\/index.php\/wp-json\/wp\/v2\/posts\/12036","targetHints":{"allow":["GET"]}}],"collection":[{"href":"https:\/\/elcafedepipa.com\/index.php\/wp-json\/wp\/v2\/posts"}],"about":[{"href":"https:\/\/elcafedepipa.com\/index.php\/wp-json\/wp\/v2\/types\/post"}],"author":[{"embeddable":true,"href":"https:\/\/elcafedepipa.com\/index.php\/wp-json\/wp\/v2\/users\/2"}],"replies":[{"embeddable":true,"href":"https:\/\/elcafedepipa.com\/index.php\/wp-json\/wp\/v2\/comments?post=12036"}],"version-history":[{"count":0,"href":"https:\/\/elcafedepipa.com\/index.php\/wp-json\/wp\/v2\/posts\/12036\/revisions"}],"wp:featuredmedia":[{"embeddable":true,"href":"https:\/\/elcafedepipa.com\/index.php\/wp-json\/wp\/v2\/media\/12037"}],"wp:attachment":[{"href":"https:\/\/elcafedepipa.com\/index.php\/wp-json\/wp\/v2\/media?parent=12036"}],"wp:term":[{"taxonomy":"category","embeddable":true,"href":"https:\/\/elcafedepipa.com\/index.php\/wp-json\/wp\/v2\/categories?post=12036"},{"taxonomy":"post_tag","embeddable":true,"href":"https:\/\/elcafedepipa.com\/index.php\/wp-json\/wp\/v2\/tags?post=12036"}],"curies":[{"name":"wp","href":"https:\/\/api.w.org\/{rel}","templated":true}]}}