{"id":12031,"date":"2025-03-20T13:39:31","date_gmt":"2025-03-20T12:39:31","guid":{"rendered":"https:\/\/elcafedepipa.com\/?p=12031"},"modified":"2025-03-20T13:39:32","modified_gmt":"2025-03-20T12:39:32","slug":"diputacio-i-facsa-salien-en-la-seua-aposta-per-una-gestio-de-laigua-responsable-amb-el-i-cicle-formatiu-per-a-dirigents-de-laigua","status":"publish","type":"post","link":"https:\/\/elcafedepipa.com\/index.php\/2025\/03\/20\/diputacio-i-facsa-salien-en-la-seua-aposta-per-una-gestio-de-laigua-responsable-amb-el-i-cicle-formatiu-per-a-dirigents-de-laigua\/","title":{"rendered":"Diputaci\u00f3 i Facsa s&#8217;alien en la seua aposta per una gesti\u00f3 de l&#8217;aigua responsable amb el I Cicle Formatiu per a dirigents de l&#8217;aigua"},"content":{"rendered":"\n<p>La <strong>Diputaci\u00f3 Provincial de Castell\u00f3 i Facsa s&#8217;alien <\/strong>en la seua aposta per una gesti\u00f3 de l&#8217;aigua responsable amb el <strong>I Cicle Formatiu<\/strong> per a dirigents de l&#8217;aigua.<\/p>\n\n\n\n<p>La presidenta de la instituci\u00f3 provincial, <strong>Marta Barrachina,<\/strong> s&#8217;ha reunit este dijous amb el president de <strong>Facsa<\/strong>, <strong>Enrique Gimeno<\/strong>; la consellera <strong>Elena Llopis i el director general, Jos\u00e9 Claramonte,<\/strong> per a abordar la iniciativa que es desenvolupar\u00e0 entre maig i setembre i en la qual s&#8217;analitzar\u00e0 la situaci\u00f3 de l&#8217;aigua, l&#8217;efici\u00e8ncia i els reptes del futur.<\/p>\n\n\n\n<p>A la reuni\u00f3 tamb\u00e9 ha assistit el diputat de Cicle Integral de l&#8217;Aigua, Iv\u00e1n S\u00e1nchez, i el catedr\u00e0tic de Mec\u00e0nica de Fluids de la Universitat Polit\u00e8cnica de Val\u00e8ncia (UPV) i professional de la gesti\u00f3 de l&#8217;aigua urbana, Enrique Cabrera, qui participar\u00e0 en este primer cicle.<\/p>\n\n\n\n<p>\u201cLa gesti\u00f3 eficient i responsable de l&#8217;aigua \u00e9s un desafiament crucial per a la prov\u00edncia i d&#8217;ac\u00ed la import\u00e0ncia d&#8217;implicar els professionals dels municipis de la prov\u00edncia amb responsabilitats en la gesti\u00f3 d&#8217;estos sistemes\u201d, ha remarcat la dirigent provincial. Una opini\u00f3 compartida pel president de Facsa, Enrique Gimeno, qui ha afegit que \u201cEl primer Cicle que impulsem t\u00e9 la vocaci\u00f3 de marcar un abans i un despr\u00e9s en la gesti\u00f3 de l&#8217;aigua dels municipis de la prov\u00edncia de Castell\u00f3\u201d.<\/p>\n\n\n\n<p>La gesti\u00f3 de l&#8217;aigua en general, i d&#8217;aquella que es referix a la gesti\u00f3 municipal en particular, s&#8217;enfronta, en les pr\u00f2ximes d\u00e8cades, a grans reptes. Al respecte, el Cicle formatiu impulsat entre la Diputaci\u00f3 de Castell\u00f3 i Facsa se centra en analitzar el nou escenari i plantejar solucions que, per a adaptar-se a este, conv\u00e9 adoptar a la prov\u00edncia. Aix\u00ed, s&#8217;ha plantejat un cicle que s&#8217;estructura en tres jornades. En la primera s&#8217;analitzar\u00e0, tant a escala global com a escala local, a Castell\u00f3 i prov\u00edncia, la situaci\u00f3 de l&#8217;aigua per a, d&#8217;esta manera, identificar qu\u00e8 s&#8217;est\u00e0 fent b\u00e9 i qu\u00e8 pot ser objecte de millora. \u201cA este efecte \u00e9s important considerar les estrat\u00e8gies que es venen adoptant als pa\u00efsos que millor gestionen l&#8217;aigua urbana per a, d&#8217;esta manera, traslladar a Castell\u00f3 i la seua prov\u00edncia les que millor pogueren adaptar-se\u201d, ha explicat Enrique Gimeno.<\/p>\n\n\n\n<p>La segona jornada se centrar\u00e0 en l&#8217;efici\u00e8ncia, el centre de gravetat de la sostenibilitat, perqu\u00e8 sense ella \u00e9s impossible prestar un servei de qualitat i sostenible al menor cost possible. En el tercer i \u00faltim dia s&#8217;abordaran els reptes del futur revisant, una vegada m\u00e9s, els dos escenaris, el global i el local per a, despr\u00e9s, concretar els canvis necessaris que permeten afrontar amb garanties els reptes excel\u00b7lents que el futur exigir\u00e0 a estos sistemes.<\/p>\n\n\n\n<p>Finalment, a partir de les an\u00e0lisis realitzades i dels debats haguts, s&#8217;elaboraran unes conclusions que, ordenades i estructurades en un full de ruta, marquen el cam\u00ed a seguir per a avan\u00e7ar cap a una gesti\u00f3 m\u00e9s sostenible de l&#8217;aigua. I tot aix\u00f2 tenint en compte la realitat actual de la prov\u00edncia de Castell\u00f3 que, com ha expressat la presidenta de la Diputaci\u00f3, Marta Barrachina, \u201ccomptar\u00e0 amb una fita important com el Consorci Provincial d&#8217;Aig\u00fces, els estatuts de les quals ja hem aprovat de manera inicial per ple i amb el qual complim amb el comprom\u00eds d&#8217;aconseguir cohesi\u00f3, efici\u00e8ncia i solidaritat en la gesti\u00f3 dels recursos h\u00eddrics en el conjunt del territori\u201d. A m\u00e9s de l&#8217;impuls al nou consorci, la prov\u00edncia compta amb infraestructures rellevants com a dessaladores aix\u00ed com un projecte de notable recorregut que permetr\u00e0 mesurar i digitalitzar les principals variables hidr\u00e0uliques en els municipis de menys de 20.000 habitants.<\/p>\n\n\n\n<p>En el seu conjunt, els canvis proposats a trav\u00e9s de tota l&#8217;an\u00e0lisi realitzada hauran de contribuir tant a potenciar les actuals fortaleses com a superar les debilitats existents de manera que, en el seu conjunt, permeten abordar amb garanties els reptes del futur abans descrits.<\/p>\n\n\n\n<p>La formaci\u00f3 va dirigida als professionals dels municipis de la prov\u00edncia de Castell\u00f3 amb responsabilitats en la gesti\u00f3 d&#8217;estos sistemes. Des dels decisors (alcaldes i regidors) fins als gestors, t\u00e8cnics i operadors responsables de la seua gesti\u00f3, operaci\u00f3 i manteniment. Els continguts s&#8217;exposaran de manera que, encara no tenint una formaci\u00f3 t\u00e8cnica, es puguen comprendre.<\/p>\n\n\n\n<p>Quant a la documentaci\u00f3 que donar\u00e0 suport a este primer cicle, el llibre \u201cDirectrius per a una gesti\u00f3 sostenible de l&#8217;aigua urbana\u201d, promogut i editat per Facsa, ser\u00e0 la base de les an\u00e0lisis globals. Per als locals, el catedr\u00e0tic de Mec\u00e0nica de Fluids de la Universitat Polit\u00e8cnica de Val\u00e8ncia (UPV) i professional de la gesti\u00f3 de l&#8217;aigua urbana, Enrique Cabrera, en col\u00b7laboraci\u00f3 amb els t\u00e8cnics de la Diputaci\u00f3, elaboraran els corresponents informes, mentres els t\u00e8cnics de Facsa resumiran els casos d&#8217;\u00e8xit que es detallen. Les presentacions preparades per a cada sessi\u00f3 d&#8217;este I Cicle formatiu completaran la informaci\u00f3 a entregar als assistents.<\/p>\n\n\n\n<p>Finalment, les conclusions aconseguides s&#8217;arreplegaran en un document s\u00edntesi final que s&#8217;elaborar\u00e0 a la finalitzaci\u00f3 de l&#8217;\u00faltima sessi\u00f3 formativa i del qual s&#8217;espera que tant els ponents com els assistents participen, en major o menor mesura, en la redacci\u00f3 final de les conclusions.<\/p>\n","protected":false},"excerpt":{"rendered":"<p>La Diputaci\u00f3 Provincial de Castell\u00f3 i Facsa s&#8217;alien en la seua aposta per una gesti\u00f3 de l&#8217;aigua responsable amb el I Cicle Formatiu per a dirigents de l&#8217;aigua. La presidenta de la instituci\u00f3 provincial, Marta Barrachina, s&#8217;ha reunit este dijous amb el president de Facsa, Enrique Gimeno; la consellera Elena Llopis i el director general, &#8230; <a title=\"Diputaci\u00f3 i Facsa s&#8217;alien en la seua aposta per una gesti\u00f3 de l&#8217;aigua responsable amb el I Cicle Formatiu per a dirigents de l&#8217;aigua\" class=\"read-more\" href=\"https:\/\/elcafedepipa.com\/index.php\/2025\/03\/20\/diputacio-i-facsa-salien-en-la-seua-aposta-per-una-gestio-de-laigua-responsable-amb-el-i-cicle-formatiu-per-a-dirigents-de-laigua\/\" aria-label=\"M\u00e9s informaci\u00f3 sobre Diputaci\u00f3 i Facsa s&#8217;alien en la seua aposta per una gesti\u00f3 de l&#8217;aigua responsable amb el I Cicle Formatiu per a dirigents de l&#8217;aigua\">Read more<\/a><\/p>\n","protected":false},"author":2,"featured_media":12032,"comment_status":"closed","ping_status":"closed","sticky":false,"template":"","format":"standard","meta":{"om_disable_all_campaigns":false,"_monsterinsights_skip_tracking":false,"_monsterinsights_sitenote_active":false,"_monsterinsights_sitenote_note":"","_monsterinsights_sitenote_category":0,"_uf_show_specific_survey":0,"_uf_disable_surveys":false,"footnotes":""},"categories":[10],"tags":[],"class_list":["post-12031","post","type-post","status-publish","format-standard","has-post-thumbnail","hentry","category-provinciadecastello"],"_links":{"self":[{"href":"https:\/\/elcafedepipa.com\/index.php\/wp-json\/wp\/v2\/posts\/12031","targetHints":{"allow":["GET"]}}],"collection":[{"href":"https:\/\/elcafedepipa.com\/index.php\/wp-json\/wp\/v2\/posts"}],"about":[{"href":"https:\/\/elcafedepipa.com\/index.php\/wp-json\/wp\/v2\/types\/post"}],"author":[{"embeddable":true,"href":"https:\/\/elcafedepipa.com\/index.php\/wp-json\/wp\/v2\/users\/2"}],"replies":[{"embeddable":true,"href":"https:\/\/elcafedepipa.com\/index.php\/wp-json\/wp\/v2\/comments?post=12031"}],"version-history":[{"count":0,"href":"https:\/\/elcafedepipa.com\/index.php\/wp-json\/wp\/v2\/posts\/12031\/revisions"}],"wp:featuredmedia":[{"embeddable":true,"href":"https:\/\/elcafedepipa.com\/index.php\/wp-json\/wp\/v2\/media\/12032"}],"wp:attachment":[{"href":"https:\/\/elcafedepipa.com\/index.php\/wp-json\/wp\/v2\/media?parent=12031"}],"wp:term":[{"taxonomy":"category","embeddable":true,"href":"https:\/\/elcafedepipa.com\/index.php\/wp-json\/wp\/v2\/categories?post=12031"},{"taxonomy":"post_tag","embeddable":true,"href":"https:\/\/elcafedepipa.com\/index.php\/wp-json\/wp\/v2\/tags?post=12031"}],"curies":[{"name":"wp","href":"https:\/\/api.w.org\/{rel}","templated":true}]}}