{"id":12011,"date":"2025-03-20T10:19:50","date_gmt":"2025-03-20T09:19:50","guid":{"rendered":"https:\/\/elcafedepipa.com\/?p=12011"},"modified":"2025-03-20T10:19:51","modified_gmt":"2025-03-20T09:19:51","slug":"el-pp-exigix-al-psoe-que-explique-els-motius-de-la-baixada-de-la-intensitat-luminica-a-almenara","status":"publish","type":"post","link":"https:\/\/elcafedepipa.com\/index.php\/2025\/03\/20\/el-pp-exigix-al-psoe-que-explique-els-motius-de-la-baixada-de-la-intensitat-luminica-a-almenara\/","title":{"rendered":"El PP exigix al PSOE que explique els motius de la baixada de la intensitat lum\u00ednica a Almenara."},"content":{"rendered":"\n<p>El <strong>Partit Popular d&#8217;Almenara<\/strong> ha presentat una iniciativa al ple del pr\u00f2xim dijous 27 de mar\u00e7 amb l&#8217;objectiu d&#8217;exigir al PSOE que explique els motius de la baixada de la intensitat lum\u00ednica en el nucli urb\u00e0 de la localitat.<\/p>\n\n\n\n<p>La petici\u00f3 es formula despr\u00e9s de les m\u00faltiples<strong> queixes rebudes per part dels ve\u00efns i recollides pel PP <\/strong>per a traslladar-les a l&#8217;alcaldia. \u201cVolem saber qu\u00e8 hi ha darrere d&#8217;esta decisi\u00f3\u201d, han assenyalat des del Grup Municipal del Partit Popular.<\/p>\n\n\n\n<p>La petici\u00f3, que espera ser debatuda en el pr\u00f2xim ple ordinari, reclama a m\u00e9s de l&#8217;alcaldessa que facilite c\u00f2pia del contracte subscrit per <strong>l&#8217;Ajuntament d&#8217;Almenar<\/strong>a amb l&#8217;empresa adjudicat\u00e0ria del servici de subministrament el\u00e8ctric. \u201cVolem saber si esta baixada d&#8217;intensitat est\u00e0 reglada en el contracte o si, per contra, no figura en este. Els ve\u00efns volen saber\u201d.<\/p>\n\n\n\n<p>En este sentit, <strong>assenyalen des del PP<\/strong> de la localitat, \u201cmai se&#8217;ns va informar que el contracte podria estar subjecte a variacions de pot\u00e8ncia lum\u00ednica vinculades a l&#8217;increment o rebaixa de la tarifa el\u00e8ctrica. Si \u00e9s aix\u00ed, volem que se&#8217;ns explique perqu\u00e8 \u00e9s evident que hi ha jornades en les quals la intensitat \u00e9s tan baixa que es generen situacions de risc i falta de seguretat entre el ve\u00efnat per falta d&#8217;una il\u00b7luminaci\u00f3 correcta i adequada\u201d.<\/p>\n\n\n\n<p>Des del PP, \u201cesperem que el PSOE siga \u00e0gil a facilitar c\u00f2pia del contracte i ens informe de manera expl\u00edcita sobre els acords aconseguits. No li ho demana el PP, li ho demana el conjunt de la ciutadania\u201d, han assenyalat des del Grup Municipal del PP a Almenara<\/p>\n\n\n\n<p><\/p>\n","protected":false},"excerpt":{"rendered":"<p>El Partit Popular d&#8217;Almenara ha presentat una iniciativa al ple del pr\u00f2xim dijous 27 de mar\u00e7 amb l&#8217;objectiu d&#8217;exigir al PSOE que explique els motius de la baixada de la intensitat lum\u00ednica en el nucli urb\u00e0 de la localitat. La petici\u00f3 es formula despr\u00e9s de les m\u00faltiples queixes rebudes per part dels ve\u00efns i recollides &#8230; <a title=\"El PP exigix al PSOE que explique els motius de la baixada de la intensitat lum\u00ednica a Almenara.\" class=\"read-more\" href=\"https:\/\/elcafedepipa.com\/index.php\/2025\/03\/20\/el-pp-exigix-al-psoe-que-explique-els-motius-de-la-baixada-de-la-intensitat-luminica-a-almenara\/\" aria-label=\"M\u00e9s informaci\u00f3 sobre El PP exigix al PSOE que explique els motius de la baixada de la intensitat lum\u00ednica a Almenara.\">Read more<\/a><\/p>\n","protected":false},"author":2,"featured_media":12012,"comment_status":"closed","ping_status":"closed","sticky":false,"template":"","format":"standard","meta":{"om_disable_all_campaigns":false,"_monsterinsights_skip_tracking":false,"_monsterinsights_sitenote_active":false,"_monsterinsights_sitenote_note":"","_monsterinsights_sitenote_category":0,"_uf_show_specific_survey":0,"_uf_disable_surveys":false,"footnotes":""},"categories":[5],"tags":[],"class_list":["post-12011","post","type-post","status-publish","format-standard","has-post-thumbnail","hentry","category-almenara"],"_links":{"self":[{"href":"https:\/\/elcafedepipa.com\/index.php\/wp-json\/wp\/v2\/posts\/12011","targetHints":{"allow":["GET"]}}],"collection":[{"href":"https:\/\/elcafedepipa.com\/index.php\/wp-json\/wp\/v2\/posts"}],"about":[{"href":"https:\/\/elcafedepipa.com\/index.php\/wp-json\/wp\/v2\/types\/post"}],"author":[{"embeddable":true,"href":"https:\/\/elcafedepipa.com\/index.php\/wp-json\/wp\/v2\/users\/2"}],"replies":[{"embeddable":true,"href":"https:\/\/elcafedepipa.com\/index.php\/wp-json\/wp\/v2\/comments?post=12011"}],"version-history":[{"count":0,"href":"https:\/\/elcafedepipa.com\/index.php\/wp-json\/wp\/v2\/posts\/12011\/revisions"}],"wp:featuredmedia":[{"embeddable":true,"href":"https:\/\/elcafedepipa.com\/index.php\/wp-json\/wp\/v2\/media\/12012"}],"wp:attachment":[{"href":"https:\/\/elcafedepipa.com\/index.php\/wp-json\/wp\/v2\/media?parent=12011"}],"wp:term":[{"taxonomy":"category","embeddable":true,"href":"https:\/\/elcafedepipa.com\/index.php\/wp-json\/wp\/v2\/categories?post=12011"},{"taxonomy":"post_tag","embeddable":true,"href":"https:\/\/elcafedepipa.com\/index.php\/wp-json\/wp\/v2\/tags?post=12011"}],"curies":[{"name":"wp","href":"https:\/\/api.w.org\/{rel}","templated":true}]}}