{"id":11989,"date":"2025-03-19T12:04:49","date_gmt":"2025-03-19T11:04:49","guid":{"rendered":"https:\/\/elcafedepipa.com\/?p=11989"},"modified":"2025-03-19T12:06:08","modified_gmt":"2025-03-19T11:06:08","slug":"detinguts-els-autors-de-diversos-robatoris-a-establiments-publics-de-vall-duixo","status":"publish","type":"post","link":"https:\/\/elcafedepipa.com\/index.php\/2025\/03\/19\/detinguts-els-autors-de-diversos-robatoris-a-establiments-publics-de-vall-duixo\/","title":{"rendered":"Detinguts els autors de diversos robatoris a establiments p\u00fablics de la Vall d\u2019Uix\u00f3"},"content":{"rendered":"\n<p><strong> S&#8217;ha confiscat una de les televisions sostretes, aix\u00ed com les peces de roba<\/strong> <strong>i<\/strong> <strong>eines utilitzades per a la comissi\u00f3 dels il\u00b7l\u00edcits<\/strong><\/p>\n\n\n\n<p>La Gu\u00e0rdia Civil ha detingut dues persones com presumptes autors de set delictes de robatori amb for\u00e7a comesos en restaurants i comer\u00e7os a la localitat de Vall d\u2019Uix\u00f2. L&#8217;operaci\u00f3 es va obrir arran de diverses den\u00fancies interposades per robatoris comesos en diversos establiments p\u00fablics de la localitat, els investigadors van analitzar el modus operandi i van constatar que a tots ells for\u00e7aven l&#8217;embellidor de la porta del local per posteriorment fracturar el bomb\u00ed del pany amb una eina i un cop a l&#8217;interior sostreien la recaptaci\u00f3 de les caixes registradores i equips inform\u00e0tics.<\/p>\n\n\n\n<p><br>Pel m\u00e8tode utilitzat els agents van sospitar que podria tractar-se de les mateixes persones, despr\u00e9s de demanar les indagacions necess\u00e0ries i altres proves m\u00e9s t\u00e8cniques, van poder identificar els implicats, dos homes residents a la mateixa localitat i amb antecedents policials per delictes semblants.<br>Durant un dels registres efectuats es va localitzar i va confiscar una de les televisions sostretes, aix\u00ed com les peces de roba i eines utilitzades per a la comissi\u00f3 dels il\u00b7l\u00edcits.<\/p>\n\n\n\n<p><br>Els implicats, dos homes de 27 i 32 anys respectivament han estat detinguts com a presumptes autors de set delictes de robatori amb for\u00e7a i llocs a disposici\u00f3 judicial al Jutjat d&#8217;Instrucci\u00f3 n\u00fam. 2 de Nules. L&#8217;actuaci\u00f3 ha estat realitzada per components del Lloc Principal de la Gu\u00e0rdia Civil de Vall d\u2019Uix\u00f2. <\/p>\n\n\n\n<p><\/p>\n","protected":false},"excerpt":{"rendered":"<p>S&#8217;ha confiscat una de les televisions sostretes, aix\u00ed com les peces de roba i eines utilitzades per a la comissi\u00f3 dels il\u00b7l\u00edcits La Gu\u00e0rdia Civil ha detingut dues persones com presumptes autors de set delictes de robatori amb for\u00e7a comesos en restaurants i comer\u00e7os a la localitat de Vall d\u2019Uix\u00f2. L&#8217;operaci\u00f3 es va obrir arran &#8230; <a title=\"Detinguts els autors de diversos robatoris a establiments p\u00fablics de la Vall d\u2019Uix\u00f3\" class=\"read-more\" href=\"https:\/\/elcafedepipa.com\/index.php\/2025\/03\/19\/detinguts-els-autors-de-diversos-robatoris-a-establiments-publics-de-vall-duixo\/\" aria-label=\"M\u00e9s informaci\u00f3 sobre Detinguts els autors de diversos robatoris a establiments p\u00fablics de la Vall d\u2019Uix\u00f3\">Read more<\/a><\/p>\n","protected":false},"author":2,"featured_media":11990,"comment_status":"closed","ping_status":"closed","sticky":false,"template":"","format":"standard","meta":{"om_disable_all_campaigns":false,"_monsterinsights_skip_tracking":false,"_monsterinsights_sitenote_active":false,"_monsterinsights_sitenote_note":"","_monsterinsights_sitenote_category":0,"_uf_show_specific_survey":0,"_uf_disable_surveys":false,"footnotes":""},"categories":[1],"tags":[],"class_list":["post-11989","post","type-post","status-publish","format-standard","has-post-thumbnail","hentry","category-non-classe"],"_links":{"self":[{"href":"https:\/\/elcafedepipa.com\/index.php\/wp-json\/wp\/v2\/posts\/11989","targetHints":{"allow":["GET"]}}],"collection":[{"href":"https:\/\/elcafedepipa.com\/index.php\/wp-json\/wp\/v2\/posts"}],"about":[{"href":"https:\/\/elcafedepipa.com\/index.php\/wp-json\/wp\/v2\/types\/post"}],"author":[{"embeddable":true,"href":"https:\/\/elcafedepipa.com\/index.php\/wp-json\/wp\/v2\/users\/2"}],"replies":[{"embeddable":true,"href":"https:\/\/elcafedepipa.com\/index.php\/wp-json\/wp\/v2\/comments?post=11989"}],"version-history":[{"count":0,"href":"https:\/\/elcafedepipa.com\/index.php\/wp-json\/wp\/v2\/posts\/11989\/revisions"}],"wp:featuredmedia":[{"embeddable":true,"href":"https:\/\/elcafedepipa.com\/index.php\/wp-json\/wp\/v2\/media\/11990"}],"wp:attachment":[{"href":"https:\/\/elcafedepipa.com\/index.php\/wp-json\/wp\/v2\/media?parent=11989"}],"wp:term":[{"taxonomy":"category","embeddable":true,"href":"https:\/\/elcafedepipa.com\/index.php\/wp-json\/wp\/v2\/categories?post=11989"},{"taxonomy":"post_tag","embeddable":true,"href":"https:\/\/elcafedepipa.com\/index.php\/wp-json\/wp\/v2\/tags?post=11989"}],"curies":[{"name":"wp","href":"https:\/\/api.w.org\/{rel}","templated":true}]}}