{"id":11974,"date":"2025-03-18T13:47:32","date_gmt":"2025-03-18T12:47:32","guid":{"rendered":"https:\/\/elcafedepipa.com\/?p=11974"},"modified":"2025-03-18T13:47:33","modified_gmt":"2025-03-18T12:47:33","slug":"el-pspv-retira-el-recurs-contra-el-pressupost-de-la-diputacio-de-castello-despres-de-forcar-barrachina-a-recuperar-el-fons-de-cooperacio","status":"publish","type":"post","link":"https:\/\/elcafedepipa.com\/index.php\/2025\/03\/18\/el-pspv-retira-el-recurs-contra-el-pressupost-de-la-diputacio-de-castello-despres-de-forcar-barrachina-a-recuperar-el-fons-de-cooperacio\/","title":{"rendered":"El PSPV retira el recurs contra el pressupost de la Diputaci\u00f3 de Castell\u00f3 despr\u00e9s de for\u00e7ar Barrachina a recuperar el Fons de Cooperaci\u00f3"},"content":{"rendered":"\n<p><strong>El PSPV-PSOE de la Diputaci\u00f3 de Castell\u00f3 retirar\u00e0<\/strong> el recurs judicial contra el pressupost provincial despr\u00e9s d\u2019haver aconseguit, gr\u00e0cies a la pressi\u00f3 dels alcaldes i alcaldesses de tots els colors, que la presidenta<strong> Marta Barrachina<\/strong> haja rectificat i restablert el Fons de Cooperaci\u00f3 Municipal amb 15 milions d\u2019euros per a serveis, infraestructures o despesa corrent.<\/p>\n\n\n\n<p>El portaveu socialista, <strong>Samuel Falomir, ha assenyalat que<\/strong> \u201cla via judicial mai \u00e9s agradable, perqu\u00e8 la pol\u00edtica s\u2019ha de resoldre dins de la pol\u00edtica, per\u00f2 a la Diputaci\u00f3 de Castell\u00f3 la pol\u00edtica del di\u00e0leg i de l\u2019acord \u00e9s impossible amb un equip de govern que menysprea l\u2019oposici\u00f3 i actua amb actituds absolutistes\u201d. En aquest sentit, Falomir ha criticat que \u201cens han arribat a qualificar de kamikazes per defensar que els municipis tinguen un finan\u00e7ament digne\u201d.<\/p>\n\n\n\n<p>El <strong>diputat provincial ha assenyalat <\/strong>que existia base legal perqu\u00e8 la Just\u00edcia obligara la Diputaci\u00f3 a recuperar el fons, una possibilitat que, juntament a la pressi\u00f3 institucional, \u201cha fet por a la presidenta i l\u2019ha feta recular\u201d.<\/p>\n\n\n\n<p>El grup socialista ha votat hui en el ple a favor de la incorporaci\u00f3 de romanents al Fons de Cooperaci\u00f3. En el debat, l\u2019alcor\u00ed ha incidit al PP que Marta Barrachina, hui, amb la recuperaci\u00f3 del fons \u201cno compleix amb la paraula donada\u201d. \u201cLa seua intenci\u00f3 mai va ser pressupostar-ho, de fet, la presidenta ha reconegut que no el contemplava en el pressupost de la Vall d\u2019Alba, ni tan sols va ser capa\u00e7 de signar cap document ni acord plenari que donara certeses i garanties als ajuntaments\u201d.<\/p>\n\n\n\n<p><strong>Segons Falomir<\/strong>, la presidenta \u201cno \u00e9s cre\u00efble\u201d perqu\u00e8 \u201cs\u2019ho ha guanyat a pols\u201d. \u201cEn dos anys no ha complert les seues exig\u00e8ncies en l\u2019oposici\u00f3 de rebaixar la pressi\u00f3 fiscal a la cer\u00e0mica, ni ha activat les ajudes a la rehabilitaci\u00f3 d\u2019habitatge ni ha llan\u00e7at el programa de manteniment d\u2019instal\u00b7lacions esportives, entre moltes altres propostes\u201d. \u201cAix\u00ed \u00e9s impossible prendre-se-la de deb\u00f2\u201d.<\/p>\n\n\n\n<p><strong>El PSPV ha assegurat<\/strong> que, malgrat la retirada del recurs, continuar\u00e0 fent \u201cuna oposici\u00f3 contundent perqu\u00e8 el PP no es passe de la ratlla i no torne a atropellar els ajuntaments, el seu finan\u00e7ament i la seua autonomia\u201d.<\/p>\n\n\n\n<p><\/p>\n","protected":false},"excerpt":{"rendered":"<p>El PSPV-PSOE de la Diputaci\u00f3 de Castell\u00f3 retirar\u00e0 el recurs judicial contra el pressupost provincial despr\u00e9s d\u2019haver aconseguit, gr\u00e0cies a la pressi\u00f3 dels alcaldes i alcaldesses de tots els colors, que la presidenta Marta Barrachina haja rectificat i restablert el Fons de Cooperaci\u00f3 Municipal amb 15 milions d\u2019euros per a serveis, infraestructures o despesa corrent. &#8230; <a title=\"El PSPV retira el recurs contra el pressupost de la Diputaci\u00f3 de Castell\u00f3 despr\u00e9s de for\u00e7ar Barrachina a recuperar el Fons de Cooperaci\u00f3\" class=\"read-more\" href=\"https:\/\/elcafedepipa.com\/index.php\/2025\/03\/18\/el-pspv-retira-el-recurs-contra-el-pressupost-de-la-diputacio-de-castello-despres-de-forcar-barrachina-a-recuperar-el-fons-de-cooperacio\/\" aria-label=\"M\u00e9s informaci\u00f3 sobre El PSPV retira el recurs contra el pressupost de la Diputaci\u00f3 de Castell\u00f3 despr\u00e9s de for\u00e7ar Barrachina a recuperar el Fons de Cooperaci\u00f3\">Read more<\/a><\/p>\n","protected":false},"author":2,"featured_media":11976,"comment_status":"closed","ping_status":"closed","sticky":false,"template":"","format":"standard","meta":{"om_disable_all_campaigns":false,"_monsterinsights_skip_tracking":false,"_monsterinsights_sitenote_active":false,"_monsterinsights_sitenote_note":"","_monsterinsights_sitenote_category":0,"_uf_show_specific_survey":0,"_uf_disable_surveys":false,"footnotes":""},"categories":[11],"tags":[],"class_list":["post-11974","post","type-post","status-publish","format-standard","has-post-thumbnail","hentry","category-comunitatvalenciana"],"_links":{"self":[{"href":"https:\/\/elcafedepipa.com\/index.php\/wp-json\/wp\/v2\/posts\/11974","targetHints":{"allow":["GET"]}}],"collection":[{"href":"https:\/\/elcafedepipa.com\/index.php\/wp-json\/wp\/v2\/posts"}],"about":[{"href":"https:\/\/elcafedepipa.com\/index.php\/wp-json\/wp\/v2\/types\/post"}],"author":[{"embeddable":true,"href":"https:\/\/elcafedepipa.com\/index.php\/wp-json\/wp\/v2\/users\/2"}],"replies":[{"embeddable":true,"href":"https:\/\/elcafedepipa.com\/index.php\/wp-json\/wp\/v2\/comments?post=11974"}],"version-history":[{"count":0,"href":"https:\/\/elcafedepipa.com\/index.php\/wp-json\/wp\/v2\/posts\/11974\/revisions"}],"wp:featuredmedia":[{"embeddable":true,"href":"https:\/\/elcafedepipa.com\/index.php\/wp-json\/wp\/v2\/media\/11976"}],"wp:attachment":[{"href":"https:\/\/elcafedepipa.com\/index.php\/wp-json\/wp\/v2\/media?parent=11974"}],"wp:term":[{"taxonomy":"category","embeddable":true,"href":"https:\/\/elcafedepipa.com\/index.php\/wp-json\/wp\/v2\/categories?post=11974"},{"taxonomy":"post_tag","embeddable":true,"href":"https:\/\/elcafedepipa.com\/index.php\/wp-json\/wp\/v2\/tags?post=11974"}],"curies":[{"name":"wp","href":"https:\/\/api.w.org\/{rel}","templated":true}]}}