{"id":11940,"date":"2025-03-18T13:37:38","date_gmt":"2025-03-18T12:37:38","guid":{"rendered":"https:\/\/elcafedepipa.com\/?p=11940"},"modified":"2025-03-18T13:37:39","modified_gmt":"2025-03-18T12:37:39","slug":"la-generalitat-statkraft-y-stn-firman-un-acuerdo-para-hacer-compatible-el-proyecto-arada-solar-y-el-centro-logistico-ceramico-en-castellon","status":"publish","type":"post","link":"https:\/\/elcafedepipa.com\/index.php\/2025\/03\/18\/la-generalitat-statkraft-y-stn-firman-un-acuerdo-para-hacer-compatible-el-proyecto-arada-solar-y-el-centro-logistico-ceramico-en-castellon\/","title":{"rendered":"La Generalitat, Statkraft y STN firman un acuerdo para hacer compatible el proyecto Arada Solar y el centro log\u00edstico cer\u00e1mico en Castell\u00f3n\u00a0"},"content":{"rendered":"\n<p>El conseller de Medio Ambiente, Infraestructuras y Territorio, Vicente Mart\u00ednez Mus, ha participado hoy en la firma del acuerdo entre la<strong> Generalitat, Statkraft y STN <\/strong>que permitir\u00e1 hacer compatible el proyecto fotovoltaico<strong> Arada Solar<\/strong> con el centro log\u00edstico cer\u00e1mico en Castell\u00f3n.<\/p>\n\n\n\n<p>La firma del protocolo de actuaci\u00f3n ha tenido lugar en <strong>Xilxes<\/strong>, la principal localidad en la que se desarrollar\u00e1n ambos proyectos, que tambi\u00e9n ocupar\u00e1n parcelas de los municipios de <strong>La Vall d\u2019 Uix\u00f3,<\/strong> <strong>Moncofa <\/strong>en el caso de ambas empresas y de Nules, Las Alquer\u00edas del Ni\u00f1o Perdido, Burriana, Villareal y Betx\u00ed en el caso de <strong>Statkraft<\/strong>.<\/p>\n\n\n\n<p><strong>Mart\u00ednez Mu<\/strong>s ha destacado que el acuerdo alcanzado entre las dos partes con la mediaci\u00f3n de la Generalitat permite que el <strong>Proyecto de Inversi\u00f3n Estrat\u00e9gica Sostenible (PIES)<\/strong> de la Direcci\u00f3n General de Urbanismo, Territorio y Paisaje encabezada por Miguel \u00c1ngel Ivorra, salga adelante.<\/p>\n\n\n\n<p>Asimismo, <strong>Mart\u00ednez Mus<\/strong> ha confirmado que la Generalitat va a promover la calificaci\u00f3n de Arada Solar como proyecto prioritario energ\u00e9tico puesto que su puesta en marcha promover\u00e1 el desarrollo socioecon\u00f3mico local, impulsar\u00e1 la descarbonizaci\u00f3n de la industria azulejera y contribuir\u00e1 a alcanzar los objetivos de sostenibilidad y eficiencia energ\u00e9tica de la Comunitat Valenciana.<\/p>\n\n\n\n<p>El titular de Territorio ha agradecido la \u201cvoluntad de consenso\u201d de ambas partes y su compromiso de hacer viable su convivencia\u201d. En este sentido, el protocolo de actuaci\u00f3n prev\u00e9, en aras de garantizar la seguridad jur\u00eddica de ambos proyectos, el desistimiento por parte de las partes implicadas de los procesos administrativos y judiciales iniciados contra las resoluciones autorizadas. \u201cCon el desbloqueo ganamos todas las partes y evidenciamos el papel que deben tener las energ\u00edas renovables en industrias como la cer\u00e1mica\u201d, ha incidido <strong>Mart\u00ednez Mus<\/strong>.<\/p>\n\n\n\n<p>En palabras de <strong>Guillermo Roth<\/strong>, subdirector de Statkraft en Espa\u00f1a, \u201cel principal activo del proyecto es su ubicaci\u00f3n, debido a su proximidad al gran cl\u00faster cer\u00e1mico. La generaci\u00f3n renovable de Arada Solar va a estar ligada a la transformaci\u00f3n de los m\u00e9todos de producci\u00f3n locales, lo que supone contribuir a la descarbonizaci\u00f3n del sector azulejero, garantizar la seguridad del suministro e incrementar la protecci\u00f3n frente a la volatilidad de los mercados energ\u00e9ticos\u201d.<\/p>\n\n\n\n<p>El proyecto renovable <strong>Arada Solar<\/strong>, que contempla una inversi\u00f3n de m\u00e1s de 100 millones de euros y la creaci\u00f3n de hasta 300 empleos incluyendo la fase de construcci\u00f3n, contar\u00e1 con una potencia instalada de 140 megavatios (MW). Cabe destacar que la instalaci\u00f3n de los paneles solares solo ocupar\u00e1 el 27,5% de la superficie del proyecto, y que la compa\u00f1\u00eda destinar\u00e1 m\u00e1s del 25% del \u00e1rea total a promover cultivos tradicionales.<\/p>\n\n\n\n<p>En este sentido, Statkraft dise\u00f1a sus proyectos buscando una perfecta integraci\u00f3n con el entorno natural. De esta manera, contempla una pantalla<strong> vegetal con c\u00edtricos y setos<\/strong> para integrar la instalaci\u00f3n en el paisaje y reducir el impacto visual, as\u00ed como la puesta en marcha de diversas medidas de conservaci\u00f3n y mejora de la flora y fauna.\u00a0\u00a0<\/p>\n\n\n\n<p>Desde el grupo <strong>STN <\/strong>se ha valorado positivamente el acuerdo, que permitir\u00e1 concluir el desarrollo del <strong>Centro Log\u00edstico Cer\u00e1mico<\/strong>. Y que junto con las plantas productivas con las que ya contaba el grupo en los municipios de <strong>Xilxes y Moncofa,<\/strong> as\u00ed como el reciente traslado a Xilxes de sus oficinas centrales, permitir\u00e1 culminar la creaci\u00f3n de un polo productivo y log\u00edstico cer\u00e1mico de primer orden dentro de la provincia de Castell\u00f3n, por parte del s\u00e9ptimo productor mundial de azulejo y revestimiento cer\u00e1mico.<\/p>\n\n\n\n<p><strong>Juan Carlos Barber\u00e0<\/strong>, director general de STN, ha destacado que el proyecto de<strong> Centro Log\u00edstico Cer\u00e1mico del Grupo STN,<\/strong> \u201ccontempla una inversi\u00f3n cercana a los 200 millones de euros y la creaci\u00f3n de 600 empleos directos\u201d. Adem\u00e1s, ha recordado conllevar\u00e1 una mejora sustancial de las conexiones viarias actuales tanto al nuevo centro log\u00edstico como a los pol\u00edgonos industriales.<\/p>\n\n\n\n<p>El grupo empresarial recuerda que este Proyecto de Inversi\u00f3n Estrat\u00e9gico Sostenible, se ha desarrollado desde los m\u00e1s altos est\u00e1ndares de sostenibilidad e integraci\u00f3n paisaj\u00edstica, y dotar\u00e1 a los municipios en que se implanta, y especialmente a Xilxes, de parques y amplias zonas verdes para esparcimiento y disfrute de la poblaci\u00f3n, con una superficie total de m\u00e1s de 220.000 m2 de superficie.<\/p>\n\n\n\n<figure class=\"wp-block-image size-full\"><img fetchpriority=\"high\" decoding=\"async\" width=\"980\" height=\"735\" src=\"https:\/\/elcafedepipa.com\/wp-content\/uploads\/2025\/03\/WhatsApp-Image-2025-03-18-at-12.14.02.jpeg\" alt=\"\" class=\"wp-image-11962\" srcset=\"https:\/\/elcafedepipa.com\/wp-content\/uploads\/2025\/03\/WhatsApp-Image-2025-03-18-at-12.14.02.jpeg 980w, https:\/\/elcafedepipa.com\/wp-content\/uploads\/2025\/03\/WhatsApp-Image-2025-03-18-at-12.14.02-300x225.jpeg 300w, https:\/\/elcafedepipa.com\/wp-content\/uploads\/2025\/03\/WhatsApp-Image-2025-03-18-at-12.14.02-768x576.jpeg 768w\" sizes=\"(max-width: 980px) 100vw, 980px\" \/><\/figure>\n","protected":false},"excerpt":{"rendered":"<p>El conseller de Medio Ambiente, Infraestructuras y Territorio, Vicente Mart\u00ednez Mus, ha participado hoy en la firma del acuerdo entre la Generalitat, Statkraft y STN que permitir\u00e1 hacer compatible el proyecto fotovoltaico Arada Solar con el centro log\u00edstico cer\u00e1mico en Castell\u00f3n. La firma del protocolo de actuaci\u00f3n ha tenido lugar en Xilxes, la principal localidad &#8230; <a title=\"La Generalitat, Statkraft y STN firman un acuerdo para hacer compatible el proyecto Arada Solar y el centro log\u00edstico cer\u00e1mico en Castell\u00f3n\u00a0\" class=\"read-more\" href=\"https:\/\/elcafedepipa.com\/index.php\/2025\/03\/18\/la-generalitat-statkraft-y-stn-firman-un-acuerdo-para-hacer-compatible-el-proyecto-arada-solar-y-el-centro-logistico-ceramico-en-castellon\/\" aria-label=\"M\u00e9s informaci\u00f3 sobre La Generalitat, Statkraft y STN firman un acuerdo para hacer compatible el proyecto Arada Solar y el centro log\u00edstico cer\u00e1mico en Castell\u00f3n\u00a0\">Read more<\/a><\/p>\n","protected":false},"author":2,"featured_media":11970,"comment_status":"closed","ping_status":"closed","sticky":false,"template":"","format":"standard","meta":{"om_disable_all_campaigns":false,"_monsterinsights_skip_tracking":false,"_monsterinsights_sitenote_active":false,"_monsterinsights_sitenote_note":"","_monsterinsights_sitenote_category":0,"_uf_show_specific_survey":0,"_uf_disable_surveys":false,"footnotes":""},"categories":[34],"tags":[],"class_list":["post-11940","post","type-post","status-publish","format-standard","has-post-thumbnail","hentry","category-podcast"],"_links":{"self":[{"href":"https:\/\/elcafedepipa.com\/index.php\/wp-json\/wp\/v2\/posts\/11940","targetHints":{"allow":["GET"]}}],"collection":[{"href":"https:\/\/elcafedepipa.com\/index.php\/wp-json\/wp\/v2\/posts"}],"about":[{"href":"https:\/\/elcafedepipa.com\/index.php\/wp-json\/wp\/v2\/types\/post"}],"author":[{"embeddable":true,"href":"https:\/\/elcafedepipa.com\/index.php\/wp-json\/wp\/v2\/users\/2"}],"replies":[{"embeddable":true,"href":"https:\/\/elcafedepipa.com\/index.php\/wp-json\/wp\/v2\/comments?post=11940"}],"version-history":[{"count":0,"href":"https:\/\/elcafedepipa.com\/index.php\/wp-json\/wp\/v2\/posts\/11940\/revisions"}],"wp:featuredmedia":[{"embeddable":true,"href":"https:\/\/elcafedepipa.com\/index.php\/wp-json\/wp\/v2\/media\/11970"}],"wp:attachment":[{"href":"https:\/\/elcafedepipa.com\/index.php\/wp-json\/wp\/v2\/media?parent=11940"}],"wp:term":[{"taxonomy":"category","embeddable":true,"href":"https:\/\/elcafedepipa.com\/index.php\/wp-json\/wp\/v2\/categories?post=11940"},{"taxonomy":"post_tag","embeddable":true,"href":"https:\/\/elcafedepipa.com\/index.php\/wp-json\/wp\/v2\/tags?post=11940"}],"curies":[{"name":"wp","href":"https:\/\/api.w.org\/{rel}","templated":true}]}}