{"id":11935,"date":"2025-03-18T11:43:19","date_gmt":"2025-03-18T10:43:19","guid":{"rendered":"https:\/\/elcafedepipa.com\/?p=11935"},"modified":"2025-03-18T11:43:58","modified_gmt":"2025-03-18T10:43:58","slug":"el-ppcv-denuncia-un-nou-retard-en-les-obres-del-corredor-mediterrani-a-alacant","status":"publish","type":"post","link":"https:\/\/elcafedepipa.com\/index.php\/2025\/03\/18\/el-ppcv-denuncia-un-nou-retard-en-les-obres-del-corredor-mediterrani-a-alacant\/","title":{"rendered":"El PPCV denuncia un nou retard en les obres del Corredor Mediterrani a Alacant"},"content":{"rendered":"\n<p><\/p>\n\n\n\n<p>El portaveu d\u2019infraestructures del GPP en Les Corts, <strong>Joserra Gonz\u00e1lez de Z\u00e1rate<\/strong>, ha denunciat un nou retard per part del Govern en l&#8217;enlla\u00e7 del Corredor Mediterrani amb Alacant en paralitzar el concurs de 51 milions d\u2019euros per a la instal\u00b7laci\u00f3 dels sistemes de seguretat en part del tra\u00e7at ferroviari.<\/p>\n\n\n\n<p><strong>Gonz\u00e1lez de Z\u00e1rate ha assenyalat que<\/strong> \u201cestem davant una nova chapuza del Ministeri i d\u2019Adif, que suposa un altre contratemps en els terminis, ja que obliga a una nova licitaci\u00f3 i afecta les obres del tercer carril d\u2019ample est\u00e0ndard del Corredor. Adif ha convocat malament les bases del concurs perqu\u00e8 no s\u2019adaptaven al reglament europeu per als projectes que formen part de la xarxa transeuropea i ara han de modificar-lo. En concret, es tracta del projecte per a la implantaci\u00f3 d\u2019instal\u00b7lacions de seguretat adaptades a les futures condicions d\u2019explotaci\u00f3 en ample mixt en el tram del tra\u00e7at ferroviari compr\u00e9s entre La Encina i Alacant.\u201d<\/p>\n\n\n\n<p><strong>El portaveu popular ha indicat que<\/strong> \u201cel Ministeri ha donat nombroses dates per a la posada en marxa del Corredor, l\u2019\u00faltima en 2027, amb un retard de m\u00e9s de sis anys respecte a la previsi\u00f3 inicial. Estem cansats de tantes dilacions i excuses que nom\u00e9s responen a la falta de voluntat del Govern de S\u00e1nchez per donar celeritat a una infraestructura clau per a la competitivitat i el desenvolupament econ\u00f2mic de la Comunitat Valenciana i de tota Espanya. Per acci\u00f3 o omissi\u00f3, la nostra terra sempre ix perdent per la mala gesti\u00f3 dels socialistes.\u201d<\/p>\n\n\n\n<p><strong>Gonz\u00e1lez de Z\u00e1rate ha afirmat que <\/strong>\u201cdes del PP exigim el compliment dels terminis previstos. Fins ara tan sols s\u2019ha aprovat el concurs per a contractar les obres d\u2019adaptaci\u00f3 d\u2019aquest tram de 75 quil\u00f2metres compr\u00e9s entre el nus de La Encina i l\u2019entrada de l\u2019estaci\u00f3 d\u2019Alacant per 183 milions d\u2019euros, per\u00f2 les obres d\u2019aquest tercer carril estan en una fase molt incipient i estem cansats de tants retards i dilacions.\u201d<\/p>\n","protected":false},"excerpt":{"rendered":"<p>El portaveu d\u2019infraestructures del GPP en Les Corts, Joserra Gonz\u00e1lez de Z\u00e1rate, ha denunciat un nou retard per part del Govern en l&#8217;enlla\u00e7 del Corredor Mediterrani amb Alacant en paralitzar el concurs de 51 milions d\u2019euros per a la instal\u00b7laci\u00f3 dels sistemes de seguretat en part del tra\u00e7at ferroviari. Gonz\u00e1lez de Z\u00e1rate ha assenyalat que &#8230; <a title=\"El PPCV denuncia un nou retard en les obres del Corredor Mediterrani a Alacant\" class=\"read-more\" href=\"https:\/\/elcafedepipa.com\/index.php\/2025\/03\/18\/el-ppcv-denuncia-un-nou-retard-en-les-obres-del-corredor-mediterrani-a-alacant\/\" aria-label=\"M\u00e9s informaci\u00f3 sobre El PPCV denuncia un nou retard en les obres del Corredor Mediterrani a Alacant\">Read more<\/a><\/p>\n","protected":false},"author":2,"featured_media":11938,"comment_status":"closed","ping_status":"closed","sticky":false,"template":"","format":"standard","meta":{"om_disable_all_campaigns":false,"_monsterinsights_skip_tracking":false,"_monsterinsights_sitenote_active":false,"_monsterinsights_sitenote_note":"","_monsterinsights_sitenote_category":0,"_uf_show_specific_survey":0,"_uf_disable_surveys":false,"footnotes":""},"categories":[11],"tags":[],"class_list":["post-11935","post","type-post","status-publish","format-standard","has-post-thumbnail","hentry","category-comunitatvalenciana"],"_links":{"self":[{"href":"https:\/\/elcafedepipa.com\/index.php\/wp-json\/wp\/v2\/posts\/11935","targetHints":{"allow":["GET"]}}],"collection":[{"href":"https:\/\/elcafedepipa.com\/index.php\/wp-json\/wp\/v2\/posts"}],"about":[{"href":"https:\/\/elcafedepipa.com\/index.php\/wp-json\/wp\/v2\/types\/post"}],"author":[{"embeddable":true,"href":"https:\/\/elcafedepipa.com\/index.php\/wp-json\/wp\/v2\/users\/2"}],"replies":[{"embeddable":true,"href":"https:\/\/elcafedepipa.com\/index.php\/wp-json\/wp\/v2\/comments?post=11935"}],"version-history":[{"count":0,"href":"https:\/\/elcafedepipa.com\/index.php\/wp-json\/wp\/v2\/posts\/11935\/revisions"}],"wp:featuredmedia":[{"embeddable":true,"href":"https:\/\/elcafedepipa.com\/index.php\/wp-json\/wp\/v2\/media\/11938"}],"wp:attachment":[{"href":"https:\/\/elcafedepipa.com\/index.php\/wp-json\/wp\/v2\/media?parent=11935"}],"wp:term":[{"taxonomy":"category","embeddable":true,"href":"https:\/\/elcafedepipa.com\/index.php\/wp-json\/wp\/v2\/categories?post=11935"},{"taxonomy":"post_tag","embeddable":true,"href":"https:\/\/elcafedepipa.com\/index.php\/wp-json\/wp\/v2\/tags?post=11935"}],"curies":[{"name":"wp","href":"https:\/\/api.w.org\/{rel}","templated":true}]}}