{"id":11862,"date":"2025-03-17T11:46:44","date_gmt":"2025-03-17T10:46:44","guid":{"rendered":"https:\/\/elcafedepipa.com\/?p=11862"},"modified":"2025-03-17T11:46:45","modified_gmt":"2025-03-17T10:46:45","slug":"el-ppcs-celebra-que-el-consell-protegisca-la-ramaderia-extensiva-dels-ports","status":"publish","type":"post","link":"https:\/\/elcafedepipa.com\/index.php\/2025\/03\/17\/el-ppcs-celebra-que-el-consell-protegisca-la-ramaderia-extensiva-dels-ports\/","title":{"rendered":"El PPCS celebra que el Consell protegisca la ramaderia extensiva dels Ports."},"content":{"rendered":"\n<p>El Partit Popular de la prov\u00edncia de Castell\u00f3 ha posat en valor el treball que el Consell est\u00e0 desenrotllant a la comarca dels Ports per a garantir el prove\u00efment d&#8217;aigua a les activitats de ramaderia extensiva que poblen la comarca.<\/p>\n\n\n\n<p><strong>El PPCS afirma<\/strong>: \u201cEls Ports registra el major nombre de caps de ramaderia extensiva de tota la Comunitat Valenciana. I esta circumst\u00e0ncia obliga a vetlar amb especial manyaga esta comarca i la resta de territoris on esta activitat prim\u00e0ria t\u00e9 un pes econ\u00f2mic vertebral. Per aix\u00f2, s&#8217;est\u00e0 realitzant un estudi detallat que blinde l&#8217;aigua en cas de sequera. Un pla que hauria d&#8217;haver-se definit fa anys per\u00f2 que el PSOE, en els seus vuit anys al capdavant de la Generalitat Valenciana, mai va executar\u201d.<\/p>\n\n\n\n<p><strong>Jes\u00fas Ort\u00ed<\/strong>, coordinador del PPCS a la comarca dels Ports, ha posat en valor l&#8217;acci\u00f3 discreta d&#8217;un Consell \u201cque tracta de resoldre problemes treballant amb els afectats\u201d. \u201cEl PSOE preferix anar-se a Madrid a fer-se fotos per a anunciar un comprom\u00eds que despr\u00e9s no executa. I com a exemple l&#8217;anunci en 2008 dels 30,7 milions d&#8217;euros que havien d&#8217;arribar per part de Acuamed a la comarca dels Ports i que encara continuem esperant\u201d.<\/p>\n\n\n\n<p><strong>Per al coordinador comarcal a la prov\u00edncia,<\/strong> \u201cel que esperen els ciutadans \u00e9s que treballem en la resoluci\u00f3 dels seus problemes, amb pressupost, definint lamillor estrat\u00e8gia i executant la soluci\u00f3. \u00c9s al cap i a la fi el que porten demandant els ramaders des de fa anys i als quals hui per fi se&#8217;ls escolta\u201d.<\/p>\n\n\n\n<p>El pla de basses que perfila el Consell prioritza a Morella \u201cja que \u00e9s en esta comarca on es troba la major concentraci\u00f3 d&#8217;activitat ramadera\u201d. Despr\u00e9s de la reuni\u00f3 mantinguda el divendres 7 a Morella pel secretari auton\u00f2mic d&#8217;Agricultura, Vicente Tejedo, el subsecretari de la Conselleria d&#8217;Agricultura, Jos\u00e9 Mar\u00eda Benlliure, i el diputat provincial de Camins rurals, David Vicente, \u201cl&#8217;objectiu \u00e9s que cada municipi fa\u00e7a arribar a la Mancomunitat la disponibilitat de basses existents i terrenys on construir, perqu\u00e8 la Conselleria d&#8217;Agricultura valore, analitze i programe de manera coordinada\u201d.<\/p>\n\n\n\n<p><strong>Desde el PPCS diuen <\/strong>que l&#8217;acci\u00f3 promoguda pel Consell demostra \u201cla sensibilitat de la Generalitat Valenciana amb el territori i els seus agents econ\u00f2mics. Els ramaders s\u00f3n bastions de riquesa i futur per a la comarca. Amb ells es treballa de la mateixa manera que el passat estiu es va actuar per a garantir l&#8217;aigua mitjan\u00e7ant un pla de cubes. El repte \u00e9s assegurar el subministrament en la zona a trav\u00e9s d&#8217;estes basses que exercisquen de punts d&#8217;acumulaci\u00f3 per a proveir al bestiar en cas d&#8217;emerg\u00e8ncia h\u00eddrica\u201d.<\/p>\n\n\n\n<p>En este sentit, Ort\u00ed ha recordat que l&#8217;any passat la Generalitat Valenciana va destinar m\u00e9s de 12 milions de litres a la ramaderia i la Diputaci\u00f3 va recolzar l&#8217;acci\u00f3 del Consell amb un conveni singular aprovat d&#8217;urg\u00e8ncia durant el Sexenni per a proveir, en este cas, a la ciutat amb aigua potable. La presidenta Marta Barrachina va injectar 180.000 euros que van evitar que la ciutadania haguera de pagar costos extraordinaris com va acordar l&#8217;equip de govern amb la complicitat del PSOE.<\/p>\n","protected":false},"excerpt":{"rendered":"<p>El Partit Popular de la prov\u00edncia de Castell\u00f3 ha posat en valor el treball que el Consell est\u00e0 desenrotllant a la comarca dels Ports per a garantir el prove\u00efment d&#8217;aigua a les activitats de ramaderia extensiva que poblen la comarca. El PPCS afirma: \u201cEls Ports registra el major nombre de caps de ramaderia extensiva de &#8230; <a title=\"El PPCS celebra que el Consell protegisca la ramaderia extensiva dels Ports.\" class=\"read-more\" href=\"https:\/\/elcafedepipa.com\/index.php\/2025\/03\/17\/el-ppcs-celebra-que-el-consell-protegisca-la-ramaderia-extensiva-dels-ports\/\" aria-label=\"M\u00e9s informaci\u00f3 sobre El PPCS celebra que el Consell protegisca la ramaderia extensiva dels Ports.\">Read more<\/a><\/p>\n","protected":false},"author":2,"featured_media":11863,"comment_status":"closed","ping_status":"closed","sticky":false,"template":"","format":"standard","meta":{"om_disable_all_campaigns":false,"_monsterinsights_skip_tracking":false,"_monsterinsights_sitenote_active":false,"_monsterinsights_sitenote_note":"","_monsterinsights_sitenote_category":0,"_uf_show_specific_survey":0,"_uf_disable_surveys":false,"footnotes":""},"categories":[1],"tags":[],"class_list":["post-11862","post","type-post","status-publish","format-standard","has-post-thumbnail","hentry","category-non-classe"],"_links":{"self":[{"href":"https:\/\/elcafedepipa.com\/index.php\/wp-json\/wp\/v2\/posts\/11862","targetHints":{"allow":["GET"]}}],"collection":[{"href":"https:\/\/elcafedepipa.com\/index.php\/wp-json\/wp\/v2\/posts"}],"about":[{"href":"https:\/\/elcafedepipa.com\/index.php\/wp-json\/wp\/v2\/types\/post"}],"author":[{"embeddable":true,"href":"https:\/\/elcafedepipa.com\/index.php\/wp-json\/wp\/v2\/users\/2"}],"replies":[{"embeddable":true,"href":"https:\/\/elcafedepipa.com\/index.php\/wp-json\/wp\/v2\/comments?post=11862"}],"version-history":[{"count":0,"href":"https:\/\/elcafedepipa.com\/index.php\/wp-json\/wp\/v2\/posts\/11862\/revisions"}],"wp:featuredmedia":[{"embeddable":true,"href":"https:\/\/elcafedepipa.com\/index.php\/wp-json\/wp\/v2\/media\/11863"}],"wp:attachment":[{"href":"https:\/\/elcafedepipa.com\/index.php\/wp-json\/wp\/v2\/media?parent=11862"}],"wp:term":[{"taxonomy":"category","embeddable":true,"href":"https:\/\/elcafedepipa.com\/index.php\/wp-json\/wp\/v2\/categories?post=11862"},{"taxonomy":"post_tag","embeddable":true,"href":"https:\/\/elcafedepipa.com\/index.php\/wp-json\/wp\/v2\/tags?post=11862"}],"curies":[{"name":"wp","href":"https:\/\/api.w.org\/{rel}","templated":true}]}}