{"id":11850,"date":"2025-03-17T10:01:54","date_gmt":"2025-03-17T09:01:54","guid":{"rendered":"https:\/\/elcafedepipa.com\/?p=11850"},"modified":"2025-03-17T10:01:55","modified_gmt":"2025-03-17T09:01:55","slug":"la-guardia-civil-investiga-tres-persones-per-la-destruccio-de-nius-doreneta-a-almenara-i-la-vall-duixo","status":"publish","type":"post","link":"https:\/\/elcafedepipa.com\/index.php\/2025\/03\/17\/la-guardia-civil-investiga-tres-persones-per-la-destruccio-de-nius-doreneta-a-almenara-i-la-vall-duixo\/","title":{"rendered":"La Gu\u00e0rdia Civil investiga tres persones per la destrucci\u00f3 de nius d\u2019oreneta a Almenara i la Vall d\u2019Uix\u00f3"},"content":{"rendered":"\n<p class=\"wp-block-paragraph\">Es van trobar <strong>nius danyats<\/strong> o <strong>inutilitzats <\/strong>d\u2019aquesta esp\u00e8cie protegida. Agents del Servei de Protecci\u00f3 de la Natura (<strong>SEPRONA<\/strong>) de la Gu\u00e0rdia Civil de Borriana han obert tres investigacions a <strong>Almenara <\/strong>i la <strong>Vall d\u2019Uix\u00f3<\/strong> per la possible destrucci\u00f3 de nius d\u2019oreneta cuablanca (<em>Delichon urbicum<\/em>), una esp\u00e8cie protegida, amb el resultat de tres persones investigades.<\/p>\n\n\n\n<h3 class=\"wp-block-heading\"><strong>Primera actuaci\u00f3 a Almenara<\/strong><\/h3>\n\n\n\n<p class=\"wp-block-paragraph\">El 21 de juny de 2024, un ve\u00ed va denunciar la obstrucci\u00f3 i destrucci\u00f3 de nius en un edifici de la localitat. La inspecci\u00f3 ocular va confirmar la manipulaci\u00f3 dels nius amb cart\u00f3 i la pres\u00e8ncia de restes d\u2019altres que havien sigut destru\u00efts. Un informe t\u00e8cnic va certificar el <strong>dany ambiental <\/strong>en una zona protegida de la<strong> Xarxa Natura 2000<\/strong>, fet que va derivar en la investigaci\u00f3 de dues persones per un presumpte delicte contra la flora i la fauna.<\/p>\n\n\n\n<h3 class=\"wp-block-heading\"><strong>Segona actuaci\u00f3 a la Vall d\u2019Uix\u00f3<\/strong><\/h3>\n\n\n\n<p class=\"wp-block-paragraph\">L\u20191 de juliol de 2024, la Gu\u00e0rdia Civil va rebre una altra den\u00fancia per la destrucci\u00f3 de nou nius en una vivenda. La inspecci\u00f3 del 2 de juliol va trobar restes a la fa\u00e7ana, coincidint amb obres a l\u2019immoble. Un informe t\u00e8cnic del 4 de febrer de 2025 va corroborar el dany a l\u2019esp\u00e8cie i el seu impacte en una Zona d\u2019Especial Protecci\u00f3 per a les Aus (ZEPA). Com a resultat, s\u2019ha investigat una persona per un presumpte delicte contra la flora i la fauna.<\/p>\n\n\n\n<p class=\"wp-block-paragraph\">Les dilig\u00e8ncies instru\u00efdes han sigut remeses als Jutjats d&#8217;Instrucci\u00f3 de Nules.<\/p>\n\n\n\n<h3 class=\"wp-block-heading\"><strong>Import\u00e0ncia de l\u2019oreneta cuablanca i conseq\u00fc\u00e8ncies legals<\/strong><\/h3>\n\n\n\n<p class=\"wp-block-paragraph\">Aquesta au t\u00e9 un paper fonamental en el control de plagues, ja que s\u2019alimenta d\u2019insectes voladors. La seua protecci\u00f3 est\u00e0 garantida per normatives europees i estatals, que sancionen la destrucci\u00f3 de nius amb penes de pres\u00f3 o multes.<\/p>\n\n\n\n<p class=\"wp-block-paragraph\">La Gu\u00e0rdia Civil fa una crida a la ciutadania per respectar la fauna urbana i denunciar qualsevol acte que atempte contra la biodiversitat.<\/p>\n\n\n\n<p class=\"wp-block-paragraph\"><\/p>\n","protected":false},"excerpt":{"rendered":"<p>Es van trobar nius danyats o inutilitzats d\u2019aquesta esp\u00e8cie protegida. Agents del Servei de Protecci\u00f3 de la Natura (SEPRONA) de la Gu\u00e0rdia Civil de Borriana han obert tres investigacions a Almenara i la Vall d\u2019Uix\u00f3 per la possible destrucci\u00f3 de nius d\u2019oreneta cuablanca (Delichon urbicum), una esp\u00e8cie protegida, amb el resultat de tres persones investigades. &#8230; <a title=\"La Gu\u00e0rdia Civil investiga tres persones per la destrucci\u00f3 de nius d\u2019oreneta a Almenara i la Vall d\u2019Uix\u00f3\" class=\"read-more\" href=\"https:\/\/elcafedepipa.com\/index.php\/2025\/03\/17\/la-guardia-civil-investiga-tres-persones-per-la-destruccio-de-nius-doreneta-a-almenara-i-la-vall-duixo\/\" aria-label=\"M\u00e9s informaci\u00f3 sobre La Gu\u00e0rdia Civil investiga tres persones per la destrucci\u00f3 de nius d\u2019oreneta a Almenara i la Vall d\u2019Uix\u00f3\">Read more<\/a><\/p>\n","protected":false},"author":2,"featured_media":11852,"comment_status":"closed","ping_status":"closed","sticky":false,"template":"","format":"standard","meta":{"om_disable_all_campaigns":false,"_monsterinsights_skip_tracking":false,"_uf_show_specific_survey":0,"_uf_disable_surveys":false,"slim_seo":{"title":"La Gu\u00e0rdia Civil investiga tres persones per la destrucci\u00f3 de nius d\u2019oreneta a Almenara i la Vall d\u2019Uix\u00f3 - El caf\u00e9 de Pipa","description":"Es van trobar nius danyats o inutilitzats d\u2019aquesta esp\u00e8cie protegida. Agents del Servei de Protecci\u00f3 de la Natura ( SEPRONA ) de la Gu\u00e0rdia Civil de Borriana h"},"footnotes":""},"categories":[5,2],"tags":[],"ppma_author":[74],"class_list":["post-11850","post","type-post","status-publish","format-standard","has-post-thumbnail","hentry","category-almenara","category-lavallduixo"],"distributor_meta":false,"distributor_terms":false,"distributor_media":false,"distributor_original_site_name":"El caf\u00e9 de Pipa","distributor_original_site_url":"https:\/\/elcafedepipa.com","push-errors":false,"authors":[{"term_id":74,"user_id":2,"is_guest":0,"slug":"radiolavallduixo","display_name":"Vicent Arnau Forner","avatar_url":"https:\/\/secure.gravatar.com\/avatar\/26a27d13d194fc3b4d2a7a933a63466fa1af911ef6eac8a107691f6aeb82d442?s=96&d=mm&r=g","author_category":"","first_name":"ecdp","last_name":"","user_url":"http:\/\/www.elcafedepipa.com","job_title":"","description":""}],"_links":{"self":[{"href":"https:\/\/elcafedepipa.com\/index.php\/wp-json\/wp\/v2\/posts\/11850","targetHints":{"allow":["GET"]}}],"collection":[{"href":"https:\/\/elcafedepipa.com\/index.php\/wp-json\/wp\/v2\/posts"}],"about":[{"href":"https:\/\/elcafedepipa.com\/index.php\/wp-json\/wp\/v2\/types\/post"}],"author":[{"embeddable":true,"href":"https:\/\/elcafedepipa.com\/index.php\/wp-json\/wp\/v2\/users\/2"}],"replies":[{"embeddable":true,"href":"https:\/\/elcafedepipa.com\/index.php\/wp-json\/wp\/v2\/comments?post=11850"}],"version-history":[{"count":0,"href":"https:\/\/elcafedepipa.com\/index.php\/wp-json\/wp\/v2\/posts\/11850\/revisions"}],"wp:featuredmedia":[{"embeddable":true,"href":"https:\/\/elcafedepipa.com\/index.php\/wp-json\/wp\/v2\/media\/11852"}],"wp:attachment":[{"href":"https:\/\/elcafedepipa.com\/index.php\/wp-json\/wp\/v2\/media?parent=11850"}],"wp:term":[{"taxonomy":"category","embeddable":true,"href":"https:\/\/elcafedepipa.com\/index.php\/wp-json\/wp\/v2\/categories?post=11850"},{"taxonomy":"post_tag","embeddable":true,"href":"https:\/\/elcafedepipa.com\/index.php\/wp-json\/wp\/v2\/tags?post=11850"},{"taxonomy":"author","embeddable":true,"href":"https:\/\/elcafedepipa.com\/index.php\/wp-json\/wp\/v2\/ppma_author?post=11850"}],"curies":[{"name":"wp","href":"https:\/\/api.w.org\/{rel}","templated":true}]}}