{"id":11787,"date":"2025-03-14T13:05:07","date_gmt":"2025-03-14T12:05:07","guid":{"rendered":"https:\/\/elcafedepipa.com\/?p=11787"},"modified":"2025-03-14T13:05:08","modified_gmt":"2025-03-14T12:05:08","slug":"el-pspv-celebra-que-el-consell-avance-en-lampliacio-de-lhospital-general-tot-i-el-retard-de-mes-dun-any-i-mig-per-tacticisme-politic","status":"publish","type":"post","link":"https:\/\/elcafedepipa.com\/index.php\/2025\/03\/14\/el-pspv-celebra-que-el-consell-avance-en-lampliacio-de-lhospital-general-tot-i-el-retard-de-mes-dun-any-i-mig-per-tacticisme-politic\/","title":{"rendered":"El PSPV celebra que el Consell avance en l&#8217;ampliaci\u00f3 de l&#8217;Hospital General tot i el retard de m\u00e9s d&#8217;un any i mig &#8220;per tacticisme pol\u00edtic&#8221;"},"content":{"rendered":"\n<p>El PSPV-PSOE de Castell\u00f3 celebra que el <strong>Consell <\/strong>haja activat la licitaci\u00f3 de la redacci\u00f3 del projecte d&#8217;ampliaci\u00f3 de l&#8217;Hospital General, un anunci, per\u00f2, que \u201carriba amb un any i mig de retard i incomplint el calendari fixat per la Conselleria\u201d.<\/p>\n\n\n\n<p>El portaveu de <strong>Sanitat a les Corts<\/strong>, <strong>Rafa Sim\u00f3<\/strong>, ha assenyalat que \u201cmai \u00e9s tard si la dita \u00e9s bona\u201d, per\u00f2 ha lamentat que s\u2019ha perdut un temps valu\u00f3s per a un centre que t\u00e9 el dubt\u00f3s honor de ser l\u2019hospital amb m\u00e9s llista d\u2019espera de tota la Comunitat Valenciana. Sim\u00f3 ha recordat que aquesta ampliaci\u00f3 \u201c\u00e9s l\u2019\u00fanica via per a acabar amb el vell model d\u2019habitacions compartides, la manca de places i la insufici\u00e8ncia de quir\u00f2fans\u201d. \u201cL\u2019anunci de la licitaci\u00f3 en veu de Maz\u00f3n va arribar al juny de 2024, una m\u00e9s de qui s\u2019ha especialitzat en arribar tard a tot, per\u00f2 benvingut siga aquest avan\u00e7\u201d.<\/p>\n\n\n\n<p>El dirigent socialista ha recordat que el govern de Ximo Puig va planificar aquesta ampliaci\u00f3 amb una actuaci\u00f3 integral que duplicava el terreny de l\u2019hospital, el nombre de llits i sales d\u2019operacions, i inclo\u00efa l\u2019adquisici\u00f3 de terrenys adjacents. \u201cTot estava previst per a licitar el projecte i iniciar les obres dins dels terminis establerts pel pla director, per\u00f2 malauradament el PP va decidir xafar el fre per a jugar amb els temps i fer coincidir les obres, en la millor de les previsions, amb les eleccions de 2027 per tal d&#8217;evitar, aix\u00ed, que es reconega com un projecte heretat del Bot\u00e0nic\u201d, ha criticat. \u201cTot per tacticisme pol\u00edtic\u201d.<\/p>\n\n\n\n<p>Malgrat aquesta estrat\u00e8gia, Sim\u00f3 ha remarcat que \u201c\u00e9s bo per a Castell\u00f3 que l\u2019ampliaci\u00f3 continue fent etapes\u201d. \u201cEl que necessitem \u00e9s m\u00e9s determinaci\u00f3 i celeritat per a acabar amb l&#8217;estat malm\u00e9s en qu\u00e8 es troba la sanitat p\u00fablica a la nostra ciutat i a les nostres comarques\u201d.<\/p>\n","protected":false},"excerpt":{"rendered":"<p>El PSPV-PSOE de Castell\u00f3 celebra que el Consell haja activat la licitaci\u00f3 de la redacci\u00f3 del projecte d&#8217;ampliaci\u00f3 de l&#8217;Hospital General, un anunci, per\u00f2, que \u201carriba amb un any i mig de retard i incomplint el calendari fixat per la Conselleria\u201d. El portaveu de Sanitat a les Corts, Rafa Sim\u00f3, ha assenyalat que \u201cmai \u00e9s &#8230; <a title=\"El PSPV celebra que el Consell avance en l&#8217;ampliaci\u00f3 de l&#8217;Hospital General tot i el retard de m\u00e9s d&#8217;un any i mig &#8220;per tacticisme pol\u00edtic&#8221;\" class=\"read-more\" href=\"https:\/\/elcafedepipa.com\/index.php\/2025\/03\/14\/el-pspv-celebra-que-el-consell-avance-en-lampliacio-de-lhospital-general-tot-i-el-retard-de-mes-dun-any-i-mig-per-tacticisme-politic\/\" aria-label=\"M\u00e9s informaci\u00f3 sobre El PSPV celebra que el Consell avance en l&#8217;ampliaci\u00f3 de l&#8217;Hospital General tot i el retard de m\u00e9s d&#8217;un any i mig &#8220;per tacticisme pol\u00edtic&#8221;\">Read more<\/a><\/p>\n","protected":false},"author":2,"featured_media":11788,"comment_status":"closed","ping_status":"closed","sticky":false,"template":"","format":"standard","meta":{"om_disable_all_campaigns":false,"_monsterinsights_skip_tracking":false,"_monsterinsights_sitenote_active":false,"_monsterinsights_sitenote_note":"","_monsterinsights_sitenote_category":0,"_uf_show_specific_survey":0,"_uf_disable_surveys":false,"footnotes":""},"categories":[1],"tags":[],"class_list":["post-11787","post","type-post","status-publish","format-standard","has-post-thumbnail","hentry","category-non-classe"],"_links":{"self":[{"href":"https:\/\/elcafedepipa.com\/index.php\/wp-json\/wp\/v2\/posts\/11787","targetHints":{"allow":["GET"]}}],"collection":[{"href":"https:\/\/elcafedepipa.com\/index.php\/wp-json\/wp\/v2\/posts"}],"about":[{"href":"https:\/\/elcafedepipa.com\/index.php\/wp-json\/wp\/v2\/types\/post"}],"author":[{"embeddable":true,"href":"https:\/\/elcafedepipa.com\/index.php\/wp-json\/wp\/v2\/users\/2"}],"replies":[{"embeddable":true,"href":"https:\/\/elcafedepipa.com\/index.php\/wp-json\/wp\/v2\/comments?post=11787"}],"version-history":[{"count":0,"href":"https:\/\/elcafedepipa.com\/index.php\/wp-json\/wp\/v2\/posts\/11787\/revisions"}],"wp:featuredmedia":[{"embeddable":true,"href":"https:\/\/elcafedepipa.com\/index.php\/wp-json\/wp\/v2\/media\/11788"}],"wp:attachment":[{"href":"https:\/\/elcafedepipa.com\/index.php\/wp-json\/wp\/v2\/media?parent=11787"}],"wp:term":[{"taxonomy":"category","embeddable":true,"href":"https:\/\/elcafedepipa.com\/index.php\/wp-json\/wp\/v2\/categories?post=11787"},{"taxonomy":"post_tag","embeddable":true,"href":"https:\/\/elcafedepipa.com\/index.php\/wp-json\/wp\/v2\/tags?post=11787"}],"curies":[{"name":"wp","href":"https:\/\/api.w.org\/{rel}","templated":true}]}}