{"id":11767,"date":"2025-03-14T10:55:24","date_gmt":"2025-03-14T09:55:24","guid":{"rendered":"https:\/\/elcafedepipa.com\/?p=11767"},"modified":"2025-03-14T10:55:25","modified_gmt":"2025-03-14T09:55:25","slug":"la-vall-duixo-reivindica-la-memoria-femenina-amb-una-marxa-per-les-12-carrers-dedicats-a-dones","status":"publish","type":"post","link":"https:\/\/elcafedepipa.com\/index.php\/2025\/03\/14\/la-vall-duixo-reivindica-la-memoria-femenina-amb-una-marxa-per-les-12-carrers-dedicats-a-dones\/","title":{"rendered":"La Vall d&#8217;Uix\u00f3 reivindica la mem\u00f2ria femenina amb una marxa per les 12 carrers dedicats a dones"},"content":{"rendered":"\n<p>La Vall d&#8217;Uix\u00f3 va celebrar ahir al mat\u00ed la marxa per les<strong> 12 carrers<\/strong> <strong>que tenen nom de dones.<\/strong> Aquest acte estava previst per a la setmana passada, per\u00f2 va ser ajornat per les pluges.<\/p>\n\n\n\n<p>El passeig va estar impulsat per la <strong>Regidoria d&#8217;Igualtat<\/strong> amb la col\u00b7laboraci\u00f3 de la <strong>Regidoria d&#8217;Esports<\/strong> i va ser guiat per<strong> Maria Mas\u00f3<\/strong>, qui va realitzar una investigaci\u00f3 sobre les carrers amb nom de dones a la nostra ciutat.<\/p>\n\n\n\n<p>L&#8217;alcaldessa, <strong>Tania Ba\u00f1os<\/strong>, va llegir el manifest d&#8217;aquesta edici\u00f3 del 8M i tamb\u00e9 va fer refer\u00e8ncia a l&#8217;esc\u00e0s nombre de carrers amb nom de dones, motiu pel qual es va celebrar aquesta marxa per visibilitzar aquesta realitat hist\u00f2rica.<\/p>\n\n\n\n<figure class=\"wp-block-image size-large\"><img fetchpriority=\"high\" decoding=\"async\" width=\"1024\" height=\"768\" src=\"https:\/\/elcafedepipa.com\/wp-content\/uploads\/2025\/03\/marxa-dones-3-1024x768.jpeg\" alt=\"\" class=\"wp-image-11770\" srcset=\"https:\/\/elcafedepipa.com\/wp-content\/uploads\/2025\/03\/marxa-dones-3-1024x768.jpeg 1024w, https:\/\/elcafedepipa.com\/wp-content\/uploads\/2025\/03\/marxa-dones-3-300x225.jpeg 300w, https:\/\/elcafedepipa.com\/wp-content\/uploads\/2025\/03\/marxa-dones-3-768x576.jpeg 768w, https:\/\/elcafedepipa.com\/wp-content\/uploads\/2025\/03\/marxa-dones-3-1536x1152.jpeg 1536w, https:\/\/elcafedepipa.com\/wp-content\/uploads\/2025\/03\/marxa-dones-3.jpeg 1600w\" sizes=\"(max-width: 1024px) 100vw, 1024px\" \/><\/figure>\n","protected":false},"excerpt":{"rendered":"<p>La Vall d&#8217;Uix\u00f3 va celebrar ahir al mat\u00ed la marxa per les 12 carrers que tenen nom de dones. Aquest acte estava previst per a la setmana passada, per\u00f2 va ser ajornat per les pluges. El passeig va estar impulsat per la Regidoria d&#8217;Igualtat amb la col\u00b7laboraci\u00f3 de la Regidoria d&#8217;Esports i va ser guiat &#8230; <a title=\"La Vall d&#8217;Uix\u00f3 reivindica la mem\u00f2ria femenina amb una marxa per les 12 carrers dedicats a dones\" class=\"read-more\" href=\"https:\/\/elcafedepipa.com\/index.php\/2025\/03\/14\/la-vall-duixo-reivindica-la-memoria-femenina-amb-una-marxa-per-les-12-carrers-dedicats-a-dones\/\" aria-label=\"M\u00e9s informaci\u00f3 sobre La Vall d&#8217;Uix\u00f3 reivindica la mem\u00f2ria femenina amb una marxa per les 12 carrers dedicats a dones\">Read more<\/a><\/p>\n","protected":false},"author":2,"featured_media":11769,"comment_status":"closed","ping_status":"closed","sticky":false,"template":"","format":"standard","meta":{"om_disable_all_campaigns":false,"_monsterinsights_skip_tracking":false,"_monsterinsights_sitenote_active":false,"_monsterinsights_sitenote_note":"","_monsterinsights_sitenote_category":0,"_uf_show_specific_survey":0,"_uf_disable_surveys":false,"footnotes":""},"categories":[2],"tags":[],"class_list":["post-11767","post","type-post","status-publish","format-standard","has-post-thumbnail","hentry","category-lavallduixo"],"_links":{"self":[{"href":"https:\/\/elcafedepipa.com\/index.php\/wp-json\/wp\/v2\/posts\/11767","targetHints":{"allow":["GET"]}}],"collection":[{"href":"https:\/\/elcafedepipa.com\/index.php\/wp-json\/wp\/v2\/posts"}],"about":[{"href":"https:\/\/elcafedepipa.com\/index.php\/wp-json\/wp\/v2\/types\/post"}],"author":[{"embeddable":true,"href":"https:\/\/elcafedepipa.com\/index.php\/wp-json\/wp\/v2\/users\/2"}],"replies":[{"embeddable":true,"href":"https:\/\/elcafedepipa.com\/index.php\/wp-json\/wp\/v2\/comments?post=11767"}],"version-history":[{"count":0,"href":"https:\/\/elcafedepipa.com\/index.php\/wp-json\/wp\/v2\/posts\/11767\/revisions"}],"wp:featuredmedia":[{"embeddable":true,"href":"https:\/\/elcafedepipa.com\/index.php\/wp-json\/wp\/v2\/media\/11769"}],"wp:attachment":[{"href":"https:\/\/elcafedepipa.com\/index.php\/wp-json\/wp\/v2\/media?parent=11767"}],"wp:term":[{"taxonomy":"category","embeddable":true,"href":"https:\/\/elcafedepipa.com\/index.php\/wp-json\/wp\/v2\/categories?post=11767"},{"taxonomy":"post_tag","embeddable":true,"href":"https:\/\/elcafedepipa.com\/index.php\/wp-json\/wp\/v2\/tags?post=11767"}],"curies":[{"name":"wp","href":"https:\/\/api.w.org\/{rel}","templated":true}]}}