{"id":11757,"date":"2025-03-14T10:12:11","date_gmt":"2025-03-14T09:12:11","guid":{"rendered":"https:\/\/elcafedepipa.com\/?p=11757"},"modified":"2025-03-14T10:16:33","modified_gmt":"2025-03-14T09:16:33","slug":"nules-posa-en-marxa-la-bassa-del-cami-de-cabecol-per-a-donar-suport-als-llauradors","status":"publish","type":"post","link":"https:\/\/elcafedepipa.com\/index.php\/2025\/03\/14\/nules-posa-en-marxa-la-bassa-del-cami-de-cabecol-per-a-donar-suport-als-llauradors\/","title":{"rendered":"Nules posa en marxa la Bassa del Cam\u00ed de Cabe\u00e7ol per a donar suport als llauradors"},"content":{"rendered":"\n<p><strong>Podr\u00e0 ser utilitzada pels socis de la Comunitat General de Regants de Nules i Mascarell<\/strong><\/p>\n\n\n\n<p>La<strong> Comunitat General<\/strong> de <strong>Regants <\/strong>de <strong>Nules <\/strong>i <strong>Mascarell <\/strong>en col\u00b7laboraci\u00f3 amb <strong>l\u2019Ajuntament <\/strong>de <strong>Nules <\/strong>han habilitat una pressa d\u2019aigua a la bassa que disposa la comunitat al Cam\u00ed de Cabe\u00e7ol, per a que puga aix\u00ed ser utilitzada pels socis d\u2019aquesta comunitat de regants que ho necessiten.<\/p>\n\n\n\n<p>Aix\u00ed, entre les actuacions portades a terme perqu\u00e8 aquesta bassa estiga en funcionament cal destacar l\u2019adequaci\u00f3 del terreny adjacent per a facilitar l\u2019aparcament dels llauradors que vulguin omplir d\u2019aigua els seus tanques o dep\u00f2sits, uns treballs que ha fet el consistori; pel seu costat, la comunitat de regants s\u2019ha encarregat de les actuacions de fontaneria, control i connexi\u00f3 de l\u2019aigua amb la bassa per a que els llauradors del municipi que pertanyen a la comunitat de regants puguen fer-ne \u00fas de forma habitual.<\/p>\n\n\n\n<p>El regidor d\u2019Agricultura, C\u00e9sar Esta\u00f1ol, comenta al respecte que \u201camb aquesta col\u00b7laboraci\u00f3 entre l\u2019ajuntament i la Comunitat de Regants de Nules i Mascarell es vol posar en marxa aquesta infraestructura necess\u00e0ria per a facilitar les tasques agr\u00edcoles als llauradors\u201d.<\/p>\n\n\n\n<p>De manera que, els llauradors d\u2019aquesta comunitat de regants interessats a fer \u00fas d\u2019aquesta infraestructura es poden informar a les oficines que el Sindicat de Regs disposa a l\u2019edifici de l\u2019antiga Cambra Agr\u00e0ria de Nules.<\/p>\n\n\n\n<p><\/p>\n","protected":false},"excerpt":{"rendered":"<p>Podr\u00e0 ser utilitzada pels socis de la Comunitat General de Regants de Nules i Mascarell La Comunitat General de Regants de Nules i Mascarell en col\u00b7laboraci\u00f3 amb l\u2019Ajuntament de Nules han habilitat una pressa d\u2019aigua a la bassa que disposa la comunitat al Cam\u00ed de Cabe\u00e7ol, per a que puga aix\u00ed ser utilitzada pels socis &#8230; <a title=\"Nules posa en marxa la Bassa del Cam\u00ed de Cabe\u00e7ol per a donar suport als llauradors\" class=\"read-more\" href=\"https:\/\/elcafedepipa.com\/index.php\/2025\/03\/14\/nules-posa-en-marxa-la-bassa-del-cami-de-cabecol-per-a-donar-suport-als-llauradors\/\" aria-label=\"M\u00e9s informaci\u00f3 sobre Nules posa en marxa la Bassa del Cam\u00ed de Cabe\u00e7ol per a donar suport als llauradors\">Read more<\/a><\/p>\n","protected":false},"author":2,"featured_media":11758,"comment_status":"closed","ping_status":"closed","sticky":false,"template":"","format":"standard","meta":{"om_disable_all_campaigns":false,"_monsterinsights_skip_tracking":false,"_monsterinsights_sitenote_active":false,"_monsterinsights_sitenote_note":"","_monsterinsights_sitenote_category":0,"_uf_show_specific_survey":0,"_uf_disable_surveys":false,"footnotes":""},"categories":[1,3],"tags":[],"class_list":["post-11757","post","type-post","status-publish","format-standard","has-post-thumbnail","hentry","category-non-classe","category-nules"],"_links":{"self":[{"href":"https:\/\/elcafedepipa.com\/index.php\/wp-json\/wp\/v2\/posts\/11757","targetHints":{"allow":["GET"]}}],"collection":[{"href":"https:\/\/elcafedepipa.com\/index.php\/wp-json\/wp\/v2\/posts"}],"about":[{"href":"https:\/\/elcafedepipa.com\/index.php\/wp-json\/wp\/v2\/types\/post"}],"author":[{"embeddable":true,"href":"https:\/\/elcafedepipa.com\/index.php\/wp-json\/wp\/v2\/users\/2"}],"replies":[{"embeddable":true,"href":"https:\/\/elcafedepipa.com\/index.php\/wp-json\/wp\/v2\/comments?post=11757"}],"version-history":[{"count":0,"href":"https:\/\/elcafedepipa.com\/index.php\/wp-json\/wp\/v2\/posts\/11757\/revisions"}],"wp:featuredmedia":[{"embeddable":true,"href":"https:\/\/elcafedepipa.com\/index.php\/wp-json\/wp\/v2\/media\/11758"}],"wp:attachment":[{"href":"https:\/\/elcafedepipa.com\/index.php\/wp-json\/wp\/v2\/media?parent=11757"}],"wp:term":[{"taxonomy":"category","embeddable":true,"href":"https:\/\/elcafedepipa.com\/index.php\/wp-json\/wp\/v2\/categories?post=11757"},{"taxonomy":"post_tag","embeddable":true,"href":"https:\/\/elcafedepipa.com\/index.php\/wp-json\/wp\/v2\/tags?post=11757"}],"curies":[{"name":"wp","href":"https:\/\/api.w.org\/{rel}","templated":true}]}}