{"id":1175,"date":"2024-05-28T13:22:14","date_gmt":"2024-05-28T11:22:14","guid":{"rendered":"https:\/\/elcafedepipa.com\/?p=1175"},"modified":"2024-05-28T13:22:15","modified_gmt":"2024-05-28T11:22:15","slug":"la-diputacio-provincial-de-castello-obte-el-segell-infoparticipa-per-la-seua-transparencia","status":"publish","type":"post","link":"https:\/\/elcafedepipa.com\/index.php\/2024\/05\/28\/la-diputacio-provincial-de-castello-obte-el-segell-infoparticipa-per-la-seua-transparencia\/","title":{"rendered":"La Diputaci\u00f3 Provincial de Castell\u00f3 obt\u00e9 el Segell Infoparticipa per la seua transpar\u00e8ncia"},"content":{"rendered":"\n<ul class=\"wp-block-list\">\n<li><strong>La instituci\u00f3 provincial aconseguix un 89,80%, respecte al 51,2% de l&#8217;anterior edici\u00f3, un resultat que \u201c\u00e9s el clar exemple que estem complint amb el comprom\u00eds de ser una Diputaci\u00f3 m\u00e9s transparent\u201d, ha expressat la presidenta Marta Barrachina<\/strong><\/li>\n<\/ul>\n\n\n\n<p>La Diputaci\u00f3 Provincial de Castell\u00f3 ha aconseguit el Segell&nbsp;Infoparticipa, destacant-se per la seua transpar\u00e8ncia. Aquesta distinci\u00f3 \u00e9s atorgada per l&#8217;Observatori de Governan\u00e7a, Transpar\u00e8ncia i RSC de la&nbsp;CEU&nbsp;UCH&nbsp;i el Grup d&#8217;Investigaci\u00f3&nbsp;ComSET&nbsp;de la Universitat Aut\u00f2noma de Barcelona (UAB). La presidenta, Marta&nbsp;Barrachina, ha destacat que &#8220;el resultat \u00e9s el clar exemple que estem aconseguint el comprom\u00eds de ser una Diputaci\u00f3 m\u00e9s transparent&#8221;.<\/p>\n\n\n\n<p>El Segell&nbsp;Infoparticipa&nbsp;s&#8217;atorga basant-se en l&#8217;an\u00e0lisi de 52 indicadors a les webs dels ajuntaments i diputacions de la Comunitat Valenciana, mitjan\u00e7ant el Mapa&nbsp;Infoparticipa. La Diputaci\u00f3 de Castell\u00f3 ha obtingut un 89,80%, una millora significativa respecte al 51,2% de l&#8217;any anterior.<\/p>\n\n\n\n<p>La presidenta&nbsp;Barrachina&nbsp;ha afirmat que &#8220;\u00e9s un orgull que la Diputaci\u00f3 de Castell\u00f3 estiga entre les entitats amb major transpar\u00e8ncia de la Comunitat Valenciana&#8221;, ressaltant el pas&nbsp;d'&#8221;un&nbsp;aprovat a quasi un excel\u00b7lent&#8221;. Ha subratllat que aquest segell demostra la seua visi\u00f3 de la transpar\u00e8ncia com a eix estrat\u00e8gic per a millorar l&#8217;atenci\u00f3 a la ciutadania.<\/p>\n\n\n\n<p>Mar\u00eda&nbsp;Tormo, diputada de Transpar\u00e8ncia i Participaci\u00f3 Ciutadana, ha afegit que &#8220;continuarem treballant en accions per a optimitzar la transpar\u00e8ncia, acostar la informaci\u00f3 i aconseguir una administraci\u00f3 encara m\u00e9s pr\u00f2xima, transparent i oberta al servei de la ciutadania&#8221;.<\/p>\n","protected":false},"excerpt":{"rendered":"<p>La Diputaci\u00f3 Provincial de Castell\u00f3 ha aconseguit el Segell&nbsp;Infoparticipa, destacant-se per la seua transpar\u00e8ncia. Aquesta distinci\u00f3 \u00e9s atorgada per l&#8217;Observatori de Governan\u00e7a, Transpar\u00e8ncia i RSC de la&nbsp;CEU&nbsp;UCH&nbsp;i el Grup d&#8217;Investigaci\u00f3&nbsp;ComSET&nbsp;de la Universitat Aut\u00f2noma de Barcelona (UAB). La presidenta, Marta&nbsp;Barrachina, ha destacat que &#8220;el resultat \u00e9s el clar exemple que estem aconseguint el comprom\u00eds de ser &#8230; <a title=\"La Diputaci\u00f3 Provincial de Castell\u00f3 obt\u00e9 el Segell Infoparticipa per la seua transpar\u00e8ncia\" class=\"read-more\" href=\"https:\/\/elcafedepipa.com\/index.php\/2024\/05\/28\/la-diputacio-provincial-de-castello-obte-el-segell-infoparticipa-per-la-seua-transparencia\/\" aria-label=\"M\u00e9s informaci\u00f3 sobre La Diputaci\u00f3 Provincial de Castell\u00f3 obt\u00e9 el Segell Infoparticipa per la seua transpar\u00e8ncia\">Read more<\/a><\/p>\n","protected":false},"author":2,"featured_media":1176,"comment_status":"open","ping_status":"open","sticky":false,"template":"","format":"standard","meta":{"om_disable_all_campaigns":false,"_monsterinsights_skip_tracking":false,"_monsterinsights_sitenote_active":false,"_monsterinsights_sitenote_note":"","_monsterinsights_sitenote_category":0,"_uf_show_specific_survey":0,"_uf_disable_surveys":false,"footnotes":""},"categories":[10],"tags":[],"class_list":["post-1175","post","type-post","status-publish","format-standard","has-post-thumbnail","hentry","category-provinciadecastello"],"_links":{"self":[{"href":"https:\/\/elcafedepipa.com\/index.php\/wp-json\/wp\/v2\/posts\/1175","targetHints":{"allow":["GET"]}}],"collection":[{"href":"https:\/\/elcafedepipa.com\/index.php\/wp-json\/wp\/v2\/posts"}],"about":[{"href":"https:\/\/elcafedepipa.com\/index.php\/wp-json\/wp\/v2\/types\/post"}],"author":[{"embeddable":true,"href":"https:\/\/elcafedepipa.com\/index.php\/wp-json\/wp\/v2\/users\/2"}],"replies":[{"embeddable":true,"href":"https:\/\/elcafedepipa.com\/index.php\/wp-json\/wp\/v2\/comments?post=1175"}],"version-history":[{"count":0,"href":"https:\/\/elcafedepipa.com\/index.php\/wp-json\/wp\/v2\/posts\/1175\/revisions"}],"wp:featuredmedia":[{"embeddable":true,"href":"https:\/\/elcafedepipa.com\/index.php\/wp-json\/wp\/v2\/media\/1176"}],"wp:attachment":[{"href":"https:\/\/elcafedepipa.com\/index.php\/wp-json\/wp\/v2\/media?parent=1175"}],"wp:term":[{"taxonomy":"category","embeddable":true,"href":"https:\/\/elcafedepipa.com\/index.php\/wp-json\/wp\/v2\/categories?post=1175"},{"taxonomy":"post_tag","embeddable":true,"href":"https:\/\/elcafedepipa.com\/index.php\/wp-json\/wp\/v2\/tags?post=1175"}],"curies":[{"name":"wp","href":"https:\/\/api.w.org\/{rel}","templated":true}]}}