{"id":11669,"date":"2025-03-12T12:11:00","date_gmt":"2025-03-12T11:11:00","guid":{"rendered":"https:\/\/elcafedepipa.com\/?p=11669"},"modified":"2025-03-12T12:11:01","modified_gmt":"2025-03-12T11:11:01","slug":"la-pluja-no-dona-treva-a-castello-dijous-i-divendres-passats-per-aigua","status":"publish","type":"post","link":"https:\/\/elcafedepipa.com\/index.php\/2025\/03\/12\/la-pluja-no-dona-treva-a-castello-dijous-i-divendres-passats-per-aigua\/","title":{"rendered":"La pluja no dona treva a Castell\u00f3: dijous i divendres passats per aigua"},"content":{"rendered":"\n<p>La prov\u00edncia de Castell\u00f3 continua sota la influ\u00e8ncia d\u2019un episodi de pluges persistents que no dona treva. Segons l\u2019Ag\u00e8ncia Estatal de Meteorologia (AEMET), les precipitacions es mantindran durant el dijous i el divendres, afectant especialment les comarques del nord i de l\u2019interior.<\/p>\n\n\n\n<p>Les precipitacions poden ser localment intenses, i no es descarta que vagen acompanyades de tempesta en alguns punts. Davant aquesta situaci\u00f3, les autoritats recomanen precauci\u00f3 en els despla\u00e7aments per carretera i evitar zones inundables.<\/p>\n\n\n\n<p>Els serveis d\u2019emerg\u00e8ncia es mantenen alerta davant possibles incid\u00e8ncies, mentre que la poblaci\u00f3 es prepara per a un final de setmana passat per aigua. Tot i aix\u00f2, encara no es preveu una millora significativa en les condicions meteorol\u00f2giques a curt termini.<\/p>\n\n\n\n<figure class=\"wp-block-image size-full\"><img fetchpriority=\"high\" decoding=\"async\" width=\"410\" height=\"495\" src=\"https:\/\/elcafedepipa.com\/wp-content\/uploads\/2025\/03\/aemet.png\" alt=\"\" class=\"wp-image-11670\" srcset=\"https:\/\/elcafedepipa.com\/wp-content\/uploads\/2025\/03\/aemet.png 410w, https:\/\/elcafedepipa.com\/wp-content\/uploads\/2025\/03\/aemet-248x300.png 248w\" sizes=\"(max-width: 410px) 100vw, 410px\" \/><\/figure>\n","protected":false},"excerpt":{"rendered":"<p>La prov\u00edncia de Castell\u00f3 continua sota la influ\u00e8ncia d\u2019un episodi de pluges persistents que no dona treva. Segons l\u2019Ag\u00e8ncia Estatal de Meteorologia (AEMET), les precipitacions es mantindran durant el dijous i el divendres, afectant especialment les comarques del nord i de l\u2019interior. Les precipitacions poden ser localment intenses, i no es descarta que vagen acompanyades &#8230; <a title=\"La pluja no dona treva a Castell\u00f3: dijous i divendres passats per aigua\" class=\"read-more\" href=\"https:\/\/elcafedepipa.com\/index.php\/2025\/03\/12\/la-pluja-no-dona-treva-a-castello-dijous-i-divendres-passats-per-aigua\/\" aria-label=\"M\u00e9s informaci\u00f3 sobre La pluja no dona treva a Castell\u00f3: dijous i divendres passats per aigua\">Read more<\/a><\/p>\n","protected":false},"author":2,"featured_media":11671,"comment_status":"closed","ping_status":"closed","sticky":false,"template":"","format":"standard","meta":{"om_disable_all_campaigns":false,"_monsterinsights_skip_tracking":false,"_monsterinsights_sitenote_active":false,"_monsterinsights_sitenote_note":"","_monsterinsights_sitenote_category":0,"_uf_show_specific_survey":0,"_uf_disable_surveys":false,"footnotes":""},"categories":[10],"tags":[],"class_list":["post-11669","post","type-post","status-publish","format-standard","has-post-thumbnail","hentry","category-provinciadecastello"],"_links":{"self":[{"href":"https:\/\/elcafedepipa.com\/index.php\/wp-json\/wp\/v2\/posts\/11669","targetHints":{"allow":["GET"]}}],"collection":[{"href":"https:\/\/elcafedepipa.com\/index.php\/wp-json\/wp\/v2\/posts"}],"about":[{"href":"https:\/\/elcafedepipa.com\/index.php\/wp-json\/wp\/v2\/types\/post"}],"author":[{"embeddable":true,"href":"https:\/\/elcafedepipa.com\/index.php\/wp-json\/wp\/v2\/users\/2"}],"replies":[{"embeddable":true,"href":"https:\/\/elcafedepipa.com\/index.php\/wp-json\/wp\/v2\/comments?post=11669"}],"version-history":[{"count":0,"href":"https:\/\/elcafedepipa.com\/index.php\/wp-json\/wp\/v2\/posts\/11669\/revisions"}],"wp:featuredmedia":[{"embeddable":true,"href":"https:\/\/elcafedepipa.com\/index.php\/wp-json\/wp\/v2\/media\/11671"}],"wp:attachment":[{"href":"https:\/\/elcafedepipa.com\/index.php\/wp-json\/wp\/v2\/media?parent=11669"}],"wp:term":[{"taxonomy":"category","embeddable":true,"href":"https:\/\/elcafedepipa.com\/index.php\/wp-json\/wp\/v2\/categories?post=11669"},{"taxonomy":"post_tag","embeddable":true,"href":"https:\/\/elcafedepipa.com\/index.php\/wp-json\/wp\/v2\/tags?post=11669"}],"curies":[{"name":"wp","href":"https:\/\/api.w.org\/{rel}","templated":true}]}}