{"id":11630,"date":"2025-03-11T14:05:07","date_gmt":"2025-03-11T13:05:07","guid":{"rendered":"https:\/\/elcafedepipa.com\/?p=11630"},"modified":"2025-03-11T14:05:54","modified_gmt":"2025-03-11T13:05:54","slug":"juanfran-perez-mentre-compromis-criticava-a-tots-els-jutges-per-el-cas-oltra-en-el-pp-defensem-el-respecte-absolut-a-la-justicia","status":"publish","type":"post","link":"https:\/\/elcafedepipa.com\/index.php\/2025\/03\/11\/juanfran-perez-mentre-compromis-criticava-a-tots-els-jutges-per-el-cas-oltra-en-el-pp-defensem-el-respecte-absolut-a-la-justicia\/","title":{"rendered":"Juanfran P\u00e9rez: \u201cMentre Comprom\u00eds criticava a tots els jutges per el \u2018cas Oltra\u2019, en el PP defensem el respecte absolut a la Just\u00edcia\u201d"},"content":{"rendered":"\n<p>El s\u00edndic del Grup Parlamentari Popular recorda que la investigaci\u00f3 judicial de la gesti\u00f3 de la dana es troba encara en una fase inicial de la instrucci\u00f3<\/p>\n\n\n\n<p>&#8220;Els pol\u00edtics tenim la responsabilitat que totes les institucions funcionen amb normalitat democr\u00e0tica. \u00c9s una anomalia que hi haja partits que es neguen a dialogar\u201d<\/p>\n\n\n\n<p>El portaveu del Grup Parlamentari Popular en Les Corts, Juanfran P\u00e9rez, ha defensat una postura de \u201crespecte absolut a la Just\u00edcia\u201d enfront de l&#8217;actitud de l&#8217;oposici\u00f3, que \u201ccanvia d&#8217;opini\u00f3 segons les actuacions judicials els beneficien o els perjudiquen\u201d. En aquest sentit, ha recordat que \u201cComprom\u00eds criticava a tots els jutges\u201d quan les resolucions sobre el \u2018cas Oltra\u2019 no els eren favorables, o que el PSOE \u201cq\u00fcestiona la independ\u00e8ncia judicial o el bon fer dels jutges\u201d entorn dels casos del fiscal general de l&#8217;Estat, Bego\u00f1a G\u00f3mez o el rebuig a l&#8217;amnistia, entre altres.<\/p>\n\n\n\n<p>El s\u00edndic popular ha fet aquesta reflexi\u00f3 entorn de la investigaci\u00f3 judicial de la gesti\u00f3 de la DANA, de la qual ha recordat que es troba encara en una fase inicial de la instrucci\u00f3, per la qual cosa \u201cencara poden passar moltes coses que no podem anticipar\u201d. Si hi ha una reacci\u00f3 objectiva, en opini\u00f3 de P\u00e9rez, \u00e9s que \u201cels propis damnificats per les riuades no estan contents i sol\u00b7liciten que comparega el president de la Confederaci\u00f3 Hidrogr\u00e0fica del X\u00faquer, Miguel Polo\u201d. En qualsevol cas, al final de la instrucci\u00f3 s&#8217;extrauran conclusions i, mentrestant, \u201chem de deixar treballar a la Just\u00edcia\u201d.<\/p>\n\n\n\n<p>En roda de premsa despr\u00e9s de la Junta de S\u00edndics que ha aprovat el calendari parlamentari per als pr\u00f2xims mesos, P\u00e9rez ha explicat que l&#8217;activitat ordin\u00e0ria de Les Corts es desenvolupar\u00e0 amb marge per a acollir la tramitaci\u00f3 dels Pressupostos de la Generalitat per a 2025. El tamb\u00e9 secretari general del PPCV ha celebrat que Vox tinga voluntat d&#8217;aprovar els comptes enfront d&#8217;un Comprom\u00eds que \u201cs&#8217;esborra\u201d de la negociaci\u00f3 i un PSPV que \u201ccanvia cada dia d&#8217;opini\u00f3\u201d.<\/p>\n\n\n\n<p>El portaveu popular ha reconegut que li agradaria que el Grup Socialista rectificara la seua posici\u00f3 sobre el bloqueig dels \u00f2rgans estatutaris i facilitara aix\u00ed, tamb\u00e9, la substituci\u00f3 de la Vicepresid\u00e8ncia segona de la Mesa de Les Corts. En aquest sentit, ha insistit que la voluntat del GPP \u00e9s \u201cmantindre el comprom\u00eds que hem mostrat des del principi de la legislatura: que tots els partits tinguen representaci\u00f3 en la Mesa de Les Corts\u201d, tal com demostra la pres\u00e8ncia de Comprom\u00eds en aquest \u00f2rgan.<\/p>\n\n\n\n<p>\u201cEls pol\u00edtics tenim la responsabilitat que totes les institucions funcionen amb normalitat democr\u00e0tica, i el Grup Popular ha demostrat sempre molta capacitat de di\u00e0leg\u201d, ha insistit P\u00e9rez. \u201cTenim l&#8217;obligaci\u00f3 de mostrar un cert enteniment, encara que a vegades no siga possible l&#8217;acord. El que \u00e9s una anomalia \u00e9s que hi haja partits que es neguen a dialogar\u201d, ha concl\u00f2s.<\/p>\n\n\n\n<p><\/p>\n","protected":false},"excerpt":{"rendered":"<p>El s\u00edndic del Grup Parlamentari Popular recorda que la investigaci\u00f3 judicial de la gesti\u00f3 de la dana es troba encara en una fase inicial de la instrucci\u00f3 &#8220;Els pol\u00edtics tenim la responsabilitat que totes les institucions funcionen amb normalitat democr\u00e0tica. \u00c9s una anomalia que hi haja partits que es neguen a dialogar\u201d El portaveu del &#8230; <a title=\"Juanfran P\u00e9rez: \u201cMentre Comprom\u00eds criticava a tots els jutges per el \u2018cas Oltra\u2019, en el PP defensem el respecte absolut a la Just\u00edcia\u201d\" class=\"read-more\" href=\"https:\/\/elcafedepipa.com\/index.php\/2025\/03\/11\/juanfran-perez-mentre-compromis-criticava-a-tots-els-jutges-per-el-cas-oltra-en-el-pp-defensem-el-respecte-absolut-a-la-justicia\/\" aria-label=\"M\u00e9s informaci\u00f3 sobre Juanfran P\u00e9rez: \u201cMentre Comprom\u00eds criticava a tots els jutges per el \u2018cas Oltra\u2019, en el PP defensem el respecte absolut a la Just\u00edcia\u201d\">Read more<\/a><\/p>\n","protected":false},"author":2,"featured_media":11631,"comment_status":"closed","ping_status":"closed","sticky":false,"template":"","format":"standard","meta":{"om_disable_all_campaigns":false,"_monsterinsights_skip_tracking":false,"_monsterinsights_sitenote_active":false,"_monsterinsights_sitenote_note":"","_monsterinsights_sitenote_category":0,"_uf_show_specific_survey":0,"_uf_disable_surveys":false,"footnotes":""},"categories":[10],"tags":[],"class_list":["post-11630","post","type-post","status-publish","format-standard","has-post-thumbnail","hentry","category-provinciadecastello"],"_links":{"self":[{"href":"https:\/\/elcafedepipa.com\/index.php\/wp-json\/wp\/v2\/posts\/11630","targetHints":{"allow":["GET"]}}],"collection":[{"href":"https:\/\/elcafedepipa.com\/index.php\/wp-json\/wp\/v2\/posts"}],"about":[{"href":"https:\/\/elcafedepipa.com\/index.php\/wp-json\/wp\/v2\/types\/post"}],"author":[{"embeddable":true,"href":"https:\/\/elcafedepipa.com\/index.php\/wp-json\/wp\/v2\/users\/2"}],"replies":[{"embeddable":true,"href":"https:\/\/elcafedepipa.com\/index.php\/wp-json\/wp\/v2\/comments?post=11630"}],"version-history":[{"count":0,"href":"https:\/\/elcafedepipa.com\/index.php\/wp-json\/wp\/v2\/posts\/11630\/revisions"}],"wp:featuredmedia":[{"embeddable":true,"href":"https:\/\/elcafedepipa.com\/index.php\/wp-json\/wp\/v2\/media\/11631"}],"wp:attachment":[{"href":"https:\/\/elcafedepipa.com\/index.php\/wp-json\/wp\/v2\/media?parent=11630"}],"wp:term":[{"taxonomy":"category","embeddable":true,"href":"https:\/\/elcafedepipa.com\/index.php\/wp-json\/wp\/v2\/categories?post=11630"},{"taxonomy":"post_tag","embeddable":true,"href":"https:\/\/elcafedepipa.com\/index.php\/wp-json\/wp\/v2\/tags?post=11630"}],"curies":[{"name":"wp","href":"https:\/\/api.w.org\/{rel}","templated":true}]}}