{"id":11555,"date":"2025-03-10T12:14:52","date_gmt":"2025-03-10T11:14:52","guid":{"rendered":"https:\/\/elcafedepipa.com\/?p=11555"},"modified":"2025-03-10T12:14:53","modified_gmt":"2025-03-10T11:14:53","slug":"el-pp-de-navajas-compartix-amb-el-conseller-dagricultura-la-necessitat-dinvertir-en-els-camins","status":"publish","type":"post","link":"https:\/\/elcafedepipa.com\/index.php\/2025\/03\/10\/el-pp-de-navajas-compartix-amb-el-conseller-dagricultura-la-necessitat-dinvertir-en-els-camins\/","title":{"rendered":"El PP de Navajas compartix amb el conseller d&#8217;Agricultura la necessitat d&#8217;invertir en els camins"},"content":{"rendered":"\n<p>El portaveu del PP a Navajas, <strong>Nacho Navarro<\/strong>, explica al titular de la cartera auton\u00f2mica la situaci\u00f3 en la qual es troben \u201ccamins de la nostra localitat que hem demanat en ple que es reparen buscant ajudes a tots els nivells\u201d, explica el regidor<\/p>\n\n\n\n<p>Navarro celebra que l&#8217;alcalde \u201cara s\u00ed, reconega la necessitat\u201d mentres en ple tomba les iniciatives del PP. \u201cPresentem una iniciativa en l&#8217;\u00faltim ple per a forjar un front com\u00fa en defensa d&#8217;inversions per a estos camins per\u00f2 ho van rebutjar\u201d<\/p>\n\n\n\n<p>El Partit Popular de <strong>Navajas <\/strong>ha compartit este dissabte 8 de mar\u00e7 amb el conseller d&#8217;Agricultura la necessitat <strong>d&#8217;invertir en els camins rurals<\/strong> greument danyats pels temporals registrats des del passat octubre.<\/p>\n\n\n\n<p>\u201cEs tracta d&#8217;una inversi\u00f3 necess\u00e0ria perqu\u00e8 darrere d&#8217;estos camins hi ha ve\u00efns, persones dedicades a l&#8217;agricultura que desitgen arribar fins als seus cultius sense haver d&#8217;estar salvant sots que s\u00f3n d&#8217;unes dimensions considerables\u201d, ha explicat Nacho Navarro, portaveu del PP a Navajas.<\/p>\n\n\n\n<p>En este sentit, explica el regidor, \u201cli expliquem a Miguel Barrachina l&#8217;estat dels camins que va poder comprovar in situ\u201d i el van fer al costat de l&#8217;alcalde de Navajas. \u201cEns congratula que el primer edil s\u00ed que reconeguera els problemes malgrat haver-los negat en ple. \u00c9s la millor manera de treballar per a donar solucions i no enquistar problemes\u201d.<\/p>\n\n\n\n<p>Nacho Navarro ha manifestat la voluntat del Partit Popular de Navajas de continuar \u201cexercint d&#8217;altaveu dels nostres ve\u00efns\u201d. \u201cHo vam fer en l&#8217;\u00faltim ple quan plantegem arribar a un acord en defensa de la millora d&#8217;estos camins. I ho continuarem fent perqu\u00e8 l&#8217;objectiu \u00e9s treballar encara que l&#8217;alcalde rebutge les nostres propostes al ple\u201d.<\/p>\n\n\n\n<p>En este sentit, ha considerat Navarro, \u201cnosaltres som ac\u00ed per a sumar i millorar la vida dels nostres ve\u00efns, no per a generar-los m\u00e9s problemes. Per aix\u00f2 les iniciatives que presentem al ple sempre tendixen la m\u00e0 per a ajudar i col\u00b7laborar, malgrat que qui governa la rebutge\u201d, ha concl\u00f2s el portaveu del PP en la localitat de l&#8217;Alt Pal\u00e0ncia.<\/p>\n\n\n<div class=\"wp-block-image\">\n<figure class=\"aligncenter size-large\"><img fetchpriority=\"high\" decoding=\"async\" width=\"775\" height=\"1024\" src=\"https:\/\/elcafedepipa.com\/wp-content\/uploads\/2025\/03\/Conseller-de-Agricultura-en-Navajas-2-775x1024.jpeg\" alt=\"\" class=\"wp-image-11557\" srcset=\"https:\/\/elcafedepipa.com\/wp-content\/uploads\/2025\/03\/Conseller-de-Agricultura-en-Navajas-2-775x1024.jpeg 775w, https:\/\/elcafedepipa.com\/wp-content\/uploads\/2025\/03\/Conseller-de-Agricultura-en-Navajas-2-227x300.jpeg 227w, https:\/\/elcafedepipa.com\/wp-content\/uploads\/2025\/03\/Conseller-de-Agricultura-en-Navajas-2-768x1015.jpeg 768w, https:\/\/elcafedepipa.com\/wp-content\/uploads\/2025\/03\/Conseller-de-Agricultura-en-Navajas-2.jpeg 1132w\" sizes=\"(max-width: 775px) 100vw, 775px\" \/><\/figure>\n<\/div>","protected":false},"excerpt":{"rendered":"<p>El portaveu del PP a Navajas, Nacho Navarro, explica al titular de la cartera auton\u00f2mica la situaci\u00f3 en la qual es troben \u201ccamins de la nostra localitat que hem demanat en ple que es reparen buscant ajudes a tots els nivells\u201d, explica el regidor Navarro celebra que l&#8217;alcalde \u201cara s\u00ed, reconega la necessitat\u201d mentres en &#8230; <a title=\"El PP de Navajas compartix amb el conseller d&#8217;Agricultura la necessitat d&#8217;invertir en els camins\" class=\"read-more\" href=\"https:\/\/elcafedepipa.com\/index.php\/2025\/03\/10\/el-pp-de-navajas-compartix-amb-el-conseller-dagricultura-la-necessitat-dinvertir-en-els-camins\/\" aria-label=\"M\u00e9s informaci\u00f3 sobre El PP de Navajas compartix amb el conseller d&#8217;Agricultura la necessitat d&#8217;invertir en els camins\">Read more<\/a><\/p>\n","protected":false},"author":2,"featured_media":11556,"comment_status":"closed","ping_status":"closed","sticky":false,"template":"","format":"standard","meta":{"om_disable_all_campaigns":false,"_monsterinsights_skip_tracking":false,"_monsterinsights_sitenote_active":false,"_monsterinsights_sitenote_note":"","_monsterinsights_sitenote_category":0,"_uf_show_specific_survey":0,"_uf_disable_surveys":false,"footnotes":""},"categories":[10],"tags":[],"class_list":["post-11555","post","type-post","status-publish","format-standard","has-post-thumbnail","hentry","category-provinciadecastello"],"_links":{"self":[{"href":"https:\/\/elcafedepipa.com\/index.php\/wp-json\/wp\/v2\/posts\/11555","targetHints":{"allow":["GET"]}}],"collection":[{"href":"https:\/\/elcafedepipa.com\/index.php\/wp-json\/wp\/v2\/posts"}],"about":[{"href":"https:\/\/elcafedepipa.com\/index.php\/wp-json\/wp\/v2\/types\/post"}],"author":[{"embeddable":true,"href":"https:\/\/elcafedepipa.com\/index.php\/wp-json\/wp\/v2\/users\/2"}],"replies":[{"embeddable":true,"href":"https:\/\/elcafedepipa.com\/index.php\/wp-json\/wp\/v2\/comments?post=11555"}],"version-history":[{"count":0,"href":"https:\/\/elcafedepipa.com\/index.php\/wp-json\/wp\/v2\/posts\/11555\/revisions"}],"wp:featuredmedia":[{"embeddable":true,"href":"https:\/\/elcafedepipa.com\/index.php\/wp-json\/wp\/v2\/media\/11556"}],"wp:attachment":[{"href":"https:\/\/elcafedepipa.com\/index.php\/wp-json\/wp\/v2\/media?parent=11555"}],"wp:term":[{"taxonomy":"category","embeddable":true,"href":"https:\/\/elcafedepipa.com\/index.php\/wp-json\/wp\/v2\/categories?post=11555"},{"taxonomy":"post_tag","embeddable":true,"href":"https:\/\/elcafedepipa.com\/index.php\/wp-json\/wp\/v2\/tags?post=11555"}],"curies":[{"name":"wp","href":"https:\/\/api.w.org\/{rel}","templated":true}]}}