{"id":11495,"date":"2025-03-07T13:54:47","date_gmt":"2025-03-07T12:54:47","guid":{"rendered":"https:\/\/elcafedepipa.com\/?p=11495"},"modified":"2025-03-07T13:56:13","modified_gmt":"2025-03-07T12:56:13","slug":"nules-alberga-amb-exit-les-vi-jornades-internacionals-sobre-violencia-filioparental-i-atencio-a-la-infancia-i-adolescencia","status":"publish","type":"post","link":"https:\/\/elcafedepipa.com\/index.php\/2025\/03\/07\/nules-alberga-amb-exit-les-vi-jornades-internacionals-sobre-violencia-filioparental-i-atencio-a-la-infancia-i-adolescencia\/","title":{"rendered":"Nules alberga amb \u00e8xit les VI Jornades (INTER)NACIONALS sobre viol\u00e8ncia filoparental"},"content":{"rendered":"\n<h2 class=\"wp-block-heading has-text-align-center\">Participen 150 persones presencialment procedents de diferents punts d\u2019Espanya<\/h2>\n\n\n\n<p>Nules ha inaugurat hui les VI Jornades (Inter)Nacionals sobre Viol\u00e8ncia Filioparental i Atenci\u00f3 a la Inf\u00e0ncia i Adolesc\u00e8ncia que es desenvoluparan a aquest municipi al llarg de divendres, 7 de mar\u00e7, amb l\u2019objectiu de donar visibilitat des de diferents \u00e0mbits a aquest tipus de viol\u00e8ncia dom\u00e8stica.<\/p>\n\n\n\n<p>Aix\u00ed doncs, aquest mat\u00ed ha tingut lloc l\u2019acte inaugural que ha comptat amb la pres\u00e8ncia de l\u2019Alcalde de Nules, David Garc\u00eda, de la Subdelegada del Govern a Castell\u00f3, Antonia Garc\u00eda, de la Segona Tinent d\u2019Alcalde, Blanca Silvestre, de l\u2019Inspector Cap de la Policia Local de Nules, Ernesto Hurtado, i de l\u2019agent de la Policia Local de Nules organitzador d\u2019aquestes jornades, Joseba Corral, tots ells han assenyalat la import\u00e0ncia de les tem\u00e0tiques que es tracten en aquestes jornades.<\/p>\n\n\n\n<p>De fet, aquestes jornades s\u2019han convertit en un referent no sols a la Comunitat Valenciana tamb\u00e9 a la resta del territori nacional i han tingut un total de 150 inscripcions per a assistir presencialment, procedents de diferents poblacions de les prov\u00edncies de Castell\u00f3, Val\u00e8ncia i d\u2019Alacant principalment, i tamb\u00e9 destaca la pres\u00e8ncia de participants d\u2019altres punts del territori espanyol.<\/p>\n\n\n\n<p>Aix\u00ed mateix, s\u2019espera tamb\u00e9 molt de seguiment pel canal de Youtube de l\u2019Ajuntament de Nules des del qual es retransmeten aquestes jornades en directe.<\/p>\n\n\n\n<figure class=\"wp-block-image size-large\"><img fetchpriority=\"high\" decoding=\"async\" width=\"1024\" height=\"1024\" src=\"https:\/\/elcafedepipa.com\/wp-content\/uploads\/2025\/03\/20250307_090517-1024x1024.jpg\" alt=\"\" class=\"wp-image-11498\" srcset=\"https:\/\/elcafedepipa.com\/wp-content\/uploads\/2025\/03\/20250307_090517-1024x1024.jpg 1024w, https:\/\/elcafedepipa.com\/wp-content\/uploads\/2025\/03\/20250307_090517-300x300.jpg 300w, https:\/\/elcafedepipa.com\/wp-content\/uploads\/2025\/03\/20250307_090517-150x150.jpg 150w, https:\/\/elcafedepipa.com\/wp-content\/uploads\/2025\/03\/20250307_090517-768x768.jpg 768w, https:\/\/elcafedepipa.com\/wp-content\/uploads\/2025\/03\/20250307_090517-1536x1536.jpg 1536w, https:\/\/elcafedepipa.com\/wp-content\/uploads\/2025\/03\/20250307_090517-2048x2048.jpg 2048w, https:\/\/elcafedepipa.com\/wp-content\/uploads\/2025\/03\/20250307_090517-700x700.jpg 700w, https:\/\/elcafedepipa.com\/wp-content\/uploads\/2025\/03\/20250307_090517-45x45.jpg 45w\" sizes=\"(max-width: 1024px) 100vw, 1024px\" \/><\/figure>\n\n\n\n<p><\/p>\n","protected":false},"excerpt":{"rendered":"<p>Participen 150 persones presencialment procedents de diferents punts d\u2019Espanya Nules ha inaugurat hui les VI Jornades (Inter)Nacionals sobre Viol\u00e8ncia Filioparental i Atenci\u00f3 a la Inf\u00e0ncia i Adolesc\u00e8ncia que es desenvoluparan a aquest municipi al llarg de divendres, 7 de mar\u00e7, amb l\u2019objectiu de donar visibilitat des de diferents \u00e0mbits a aquest tipus de viol\u00e8ncia dom\u00e8stica. &#8230; <a title=\"Nules alberga amb \u00e8xit les VI Jornades (INTER)NACIONALS sobre viol\u00e8ncia filoparental\" class=\"read-more\" href=\"https:\/\/elcafedepipa.com\/index.php\/2025\/03\/07\/nules-alberga-amb-exit-les-vi-jornades-internacionals-sobre-violencia-filioparental-i-atencio-a-la-infancia-i-adolescencia\/\" aria-label=\"M\u00e9s informaci\u00f3 sobre Nules alberga amb \u00e8xit les VI Jornades (INTER)NACIONALS sobre viol\u00e8ncia filoparental\">Read more<\/a><\/p>\n","protected":false},"author":2,"featured_media":11496,"comment_status":"closed","ping_status":"closed","sticky":false,"template":"","format":"standard","meta":{"om_disable_all_campaigns":false,"_monsterinsights_skip_tracking":false,"_monsterinsights_sitenote_active":false,"_monsterinsights_sitenote_note":"","_monsterinsights_sitenote_category":0,"_uf_show_specific_survey":0,"_uf_disable_surveys":false,"footnotes":""},"categories":[3],"tags":[],"class_list":["post-11495","post","type-post","status-publish","format-standard","has-post-thumbnail","hentry","category-nules"],"_links":{"self":[{"href":"https:\/\/elcafedepipa.com\/index.php\/wp-json\/wp\/v2\/posts\/11495","targetHints":{"allow":["GET"]}}],"collection":[{"href":"https:\/\/elcafedepipa.com\/index.php\/wp-json\/wp\/v2\/posts"}],"about":[{"href":"https:\/\/elcafedepipa.com\/index.php\/wp-json\/wp\/v2\/types\/post"}],"author":[{"embeddable":true,"href":"https:\/\/elcafedepipa.com\/index.php\/wp-json\/wp\/v2\/users\/2"}],"replies":[{"embeddable":true,"href":"https:\/\/elcafedepipa.com\/index.php\/wp-json\/wp\/v2\/comments?post=11495"}],"version-history":[{"count":0,"href":"https:\/\/elcafedepipa.com\/index.php\/wp-json\/wp\/v2\/posts\/11495\/revisions"}],"wp:featuredmedia":[{"embeddable":true,"href":"https:\/\/elcafedepipa.com\/index.php\/wp-json\/wp\/v2\/media\/11496"}],"wp:attachment":[{"href":"https:\/\/elcafedepipa.com\/index.php\/wp-json\/wp\/v2\/media?parent=11495"}],"wp:term":[{"taxonomy":"category","embeddable":true,"href":"https:\/\/elcafedepipa.com\/index.php\/wp-json\/wp\/v2\/categories?post=11495"},{"taxonomy":"post_tag","embeddable":true,"href":"https:\/\/elcafedepipa.com\/index.php\/wp-json\/wp\/v2\/tags?post=11495"}],"curies":[{"name":"wp","href":"https:\/\/api.w.org\/{rel}","templated":true}]}}