{"id":11491,"date":"2025-03-07T13:39:04","date_gmt":"2025-03-07T12:39:04","guid":{"rendered":"https:\/\/elcafedepipa.com\/?p=11491"},"modified":"2025-03-07T13:39:05","modified_gmt":"2025-03-07T12:39:05","slug":"falomir-assenyala-que-els-diners-del-fons-de-cooperacio-on-millor-estan-es-als-municipis-no-en-la-reforma-de-despatxos","status":"publish","type":"post","link":"https:\/\/elcafedepipa.com\/index.php\/2025\/03\/07\/falomir-assenyala-que-els-diners-del-fons-de-cooperacio-on-millor-estan-es-als-municipis-no-en-la-reforma-de-despatxos\/","title":{"rendered":"Falomir assenyala que \u201cels diners del Fons de Cooperaci\u00f3 on millor estan \u00e9s als municipis, no en la reforma de despatxos\u201d"},"content":{"rendered":"\n<p>El portaveu del PSPV a la Diputaci\u00f3 de Castell\u00f3, Samuel Falomir, ha advertit que els ajuntaments de la prov\u00edncia continuen patint les conseq\u00fc\u00e8ncies de la decisi\u00f3 Marta Barrachina d&#8217;eliminar el Fons de Cooperaci\u00f3. Segons ha explicat Falomir, la supressi\u00f3 d\u2019aquesta via de finan\u00e7ament local \u201ccontinua ofegant els municipis, que dia rere dia es troben amb informes t\u00e8cnics nocius per als seus interessos per la falta de cr\u00e8dit\u201d. \u201cCom que els recursos s\u2019han esfumat i no s\u2019havia advertit pr\u00e8viament que els diners no arribarien com sempre, els consistoris s\u2019han trobat amb el problema que no poden costejar serveis p\u00fablics essencials i infraestructures que, durant anys, s&#8217;havien sufragat amb els fons provincials\u201d.<\/p>\n\n\n\n<p>\u201cHi ha consistoris que no poden mantindre l\u2019atenci\u00f3 social o fins i tot s\u2019han plantejat reajustar la seua plantilla perqu\u00e8 els diners no entren. Estem ja en el mes de mar\u00e7 i Marta Barrachina no ha rem\u00e9s cap comunicat oficial en qu\u00e8 certifique el seu comprom\u00eds de dotar de recursos el Fons de Cooperaci\u00f3 amb els romanents de tresoreria\u201d, ha criticat Falomir. \u201cSi t\u00e9 eixe comprom\u00eds, per qu\u00e8 no ho comunica i deixa de generar incertesa en els pobles?\u201d, ha denunciat. \u201cEst\u00e0 clar que el problema \u00e9s greu i que res haguera ocorregut si els ajuntaments hagueren tingut dins les seues arques el que els correspon per llei. Els municipis comptaven des d\u2019un primer moment amb aquests recursos perqu\u00e8 els han vingut rebent des de fa m\u00e9s de cinc anys; la prova m\u00e9s clara \u00e9s que ajuntaments del PP, com el d\u2019Onda, han aprovat els seus pressupostos amb la quantitat de sempre, per tant \u00e9s clar que eixos diners pertanyen als ajuntaments\u201d.<\/p>\n\n\n\n<p>\u201cTot i que Barrachina ha volgut malinterpretar les meues paraules en qu\u00e8 afirmava que s\u2019ha \u2018apropiat\u2019 dels 14 milions d\u2019euros del Fons de Cooperaci\u00f3, era evident que no parlava d\u2019una apropiaci\u00f3 a t\u00edtol personal, perqu\u00e8 si fora aix\u00ed, en compte de presentar un contenci\u00f3s, haur\u00edem iniciat la via penal\u201d, ha aclarit.<\/p>\n\n\n\n<p>Samuel Falomir ha assegurat que, dins de les seues potestats com a presidenta, Barrachina ha \u201cdestinat els diners que per llei auton\u00f2mica corresponen als ajuntaments a \u2018prioritats\u2019 com la reforma del seu despatx, el finan\u00e7ament de festes i saraus i convenis singulars arbitraris\u201d.<\/p>\n\n\n\n<p>\u201cDes del PSPV anem a continuar defensant que aquests diners han d\u2019anar als ajuntaments. Al PP li agrada dir que on millor estan els diners \u00e9s a les butxaques de la ciutadania, per\u00f2 nosaltres defensem que els diners de la Diputaci\u00f3 i del Fons de Cooperaci\u00f3 on millor estan \u00e9s als ajuntaments, que s\u00f3n la primera finestra on acudeix la ciutadania quan t\u00e9 un problema\u201d, ha concl\u00f2s.<\/p>\n","protected":false},"excerpt":{"rendered":"<p>El portaveu del PSPV a la Diputaci\u00f3 de Castell\u00f3, Samuel Falomir, ha advertit que els ajuntaments de la prov\u00edncia continuen patint les conseq\u00fc\u00e8ncies de la decisi\u00f3 Marta Barrachina d&#8217;eliminar el Fons de Cooperaci\u00f3. Segons ha explicat Falomir, la supressi\u00f3 d\u2019aquesta via de finan\u00e7ament local \u201ccontinua ofegant els municipis, que dia rere dia es troben amb &#8230; <a title=\"Falomir assenyala que \u201cels diners del Fons de Cooperaci\u00f3 on millor estan \u00e9s als municipis, no en la reforma de despatxos\u201d\" class=\"read-more\" href=\"https:\/\/elcafedepipa.com\/index.php\/2025\/03\/07\/falomir-assenyala-que-els-diners-del-fons-de-cooperacio-on-millor-estan-es-als-municipis-no-en-la-reforma-de-despatxos\/\" aria-label=\"M\u00e9s informaci\u00f3 sobre Falomir assenyala que \u201cels diners del Fons de Cooperaci\u00f3 on millor estan \u00e9s als municipis, no en la reforma de despatxos\u201d\">Read more<\/a><\/p>\n","protected":false},"author":2,"featured_media":11492,"comment_status":"closed","ping_status":"closed","sticky":false,"template":"","format":"standard","meta":{"om_disable_all_campaigns":false,"_monsterinsights_skip_tracking":false,"_monsterinsights_sitenote_active":false,"_monsterinsights_sitenote_note":"","_monsterinsights_sitenote_category":0,"_uf_show_specific_survey":0,"_uf_disable_surveys":false,"footnotes":""},"categories":[10],"tags":[],"class_list":["post-11491","post","type-post","status-publish","format-standard","has-post-thumbnail","hentry","category-provinciadecastello"],"_links":{"self":[{"href":"https:\/\/elcafedepipa.com\/index.php\/wp-json\/wp\/v2\/posts\/11491","targetHints":{"allow":["GET"]}}],"collection":[{"href":"https:\/\/elcafedepipa.com\/index.php\/wp-json\/wp\/v2\/posts"}],"about":[{"href":"https:\/\/elcafedepipa.com\/index.php\/wp-json\/wp\/v2\/types\/post"}],"author":[{"embeddable":true,"href":"https:\/\/elcafedepipa.com\/index.php\/wp-json\/wp\/v2\/users\/2"}],"replies":[{"embeddable":true,"href":"https:\/\/elcafedepipa.com\/index.php\/wp-json\/wp\/v2\/comments?post=11491"}],"version-history":[{"count":0,"href":"https:\/\/elcafedepipa.com\/index.php\/wp-json\/wp\/v2\/posts\/11491\/revisions"}],"wp:featuredmedia":[{"embeddable":true,"href":"https:\/\/elcafedepipa.com\/index.php\/wp-json\/wp\/v2\/media\/11492"}],"wp:attachment":[{"href":"https:\/\/elcafedepipa.com\/index.php\/wp-json\/wp\/v2\/media?parent=11491"}],"wp:term":[{"taxonomy":"category","embeddable":true,"href":"https:\/\/elcafedepipa.com\/index.php\/wp-json\/wp\/v2\/categories?post=11491"},{"taxonomy":"post_tag","embeddable":true,"href":"https:\/\/elcafedepipa.com\/index.php\/wp-json\/wp\/v2\/tags?post=11491"}],"curies":[{"name":"wp","href":"https:\/\/api.w.org\/{rel}","templated":true}]}}