{"id":11482,"date":"2025-03-07T13:27:00","date_gmt":"2025-03-07T12:27:00","guid":{"rendered":"https:\/\/elcafedepipa.com\/?p=11482"},"modified":"2025-03-07T13:28:14","modified_gmt":"2025-03-07T12:28:14","slug":"derbi-provincial-en-una-setmana-marcada-per-la-pluja","status":"publish","type":"post","link":"https:\/\/elcafedepipa.com\/index.php\/2025\/03\/07\/derbi-provincial-en-una-setmana-marcada-per-la-pluja\/","title":{"rendered":"Derbi provincial en una setmana marcada per la plutja"},"content":{"rendered":"\n<p>Setmana dif\u00edcil per a la Uni\u00f3 Esportiva Vall de Ux\u00f3 que ha vist alterada la seua planificaci\u00f3 setmanal d&#8217;entrenaments a conseq\u00fc\u00e8ncia del temporal de pluja que ha assotat la nostra prov\u00edncia durant tota aquesta setmana. No \u00e9s aquest  un bon presagi per a afrontar un partit tan exigent com ho ser\u00e0 el del diumenge davant el filial del Club Esportiu Castell\u00f3.<br>Entrem en les ultimes 10 jornades del campionat, el tram resolutiu de la temporada. L&#8217;UDE arriba al moment de la veritat amb 35 punts en el seu caseller, 9 per damunt del descens i a 3 per davall del Play Off d&#8217;ascens a Segona RFEF, pla\u00e7a que marca el pr\u00f2xim rival dels blanc-i-blaus, el Castell\u00f3 \u201cB\u201d.<\/p>\n\n\n\n<h3 class=\"wp-block-heading\"><strong>DERBI PROVINCIAL<\/strong><\/h3>\n\n\n\n<p><br>Fins a 8 jugadors de l&#8217;actual plantilla de la UDE tenen passat albinegre, circumst\u00e0ncia que far\u00e1 encara m\u00e9s especial el partit d&#8217;aquest diumenge en el vell <strong>Estadi Segarra<\/strong>. Derbi entre dos equips provincials que nom\u00e9s es distancien en la classificaci\u00f3 en tres punts. En el partit de la primera volta l&#8217;UDE es va imposar en el Javier Marquina del Grau per un contundent 0-3.<\/p>\n\n\n\n<h3 class=\"wp-block-heading\"><strong>AMB MOLTES BAIXES<\/strong><\/h3>\n\n\n\n<p><br>Un preu massa ha hagut de pagar l&#8217;UDE de la seua \u00faltima trobada en Torrellano. A m\u00e9s d&#8217;eixir derrotat l&#8217;equip vallero va acabar la trobada amb 9 jugadors despr\u00e9s de les expulsions<strong> d&#8217;A\u00f1o<\/strong> i <strong>Ferrer<\/strong>, qui compliran el corresponent partit de sanci\u00f3 aquest diumenge. A ells se sumar\u00e0 <strong>Ximo Forner<\/strong> que encara ha de complir un partit de suspensi\u00f3 despr\u00e9s de la seua expulsi\u00f3 davant del equip Sagunt\u00ed. Tamb\u00e9 s\u00f3n baixa segura, per\u00f2 per lesi\u00f3  <strong>Soler<\/strong> i <strong>Zurita<\/strong> que continuen recuperant-se de les seues respectives lesions, mentre que <strong>Ximet<\/strong> despr\u00e9s de la seua intervenci\u00f3 del LCA ja est\u00e0 en ple proc\u00e9s de rehabilitaci\u00f3.<\/p>\n\n\n\n<h3 class=\"wp-block-heading\"><strong>ENTRADES A 10\u20ac<\/strong><\/h3>\n\n\n\n<p><br>Despr\u00e9s de l&#8217;\u00e8xit que va tindre en la passada trobada com a local davant l&#8217;Atl\u00e8tic Sagunt\u00ed, l&#8217;UDE mant\u00e9 la iniciativa de deixar el preu de les entrades a 10\u20ac per a incentivar la pres\u00e8ncia en el camp de m\u00e9s aficionats i sobretot fomentar el fet de que seguidors albinegres es puguen despla\u00e7ar fins al coliseu<strong> valldeuxense<\/strong> a presenciar aquesta atractiva trobada.<\/p>\n\n\n\n<h3 class=\"wp-block-heading\"><strong>PEPE ABAD PRESIDENTE D&#8217;HONOR<\/strong><\/h3>\n\n\n\n<p><br>En la pr\u00e8via del partit l&#8217;UDE realitzar\u00e0 l&#8217;acte de reconeixement com a President d&#8217;Honor de la U.D. Vall de Ux\u00f3 a Jos\u00e9 Francisco Abad Sorribes el jugador valldeuxense que m\u00e9s partits ha disputat en Primera Divisi\u00f3. Merescut reconeixement p\u00fablic a un dels jugadors m\u00e9s il\u00b7lustres del futbol vallero que a m\u00e9s ha jugat tant en l&#8217;UDE com en el C.D. Castell\u00f3.<\/p>\n","protected":false},"excerpt":{"rendered":"<p>Setmana dif\u00edcil per a la Uni\u00f3 Esportiva Vall de Ux\u00f3 que ha vist alterada la seua planificaci\u00f3 setmanal d&#8217;entrenaments a conseq\u00fc\u00e8ncia del temporal de pluja que ha assotat la nostra prov\u00edncia durant tota aquesta setmana. No \u00e9s aquest un bon presagi per a afrontar un partit tan exigent com ho ser\u00e0 el del diumenge davant &#8230; <a title=\"Derbi provincial en una setmana marcada per la plutja\" class=\"read-more\" href=\"https:\/\/elcafedepipa.com\/index.php\/2025\/03\/07\/derbi-provincial-en-una-setmana-marcada-per-la-pluja\/\" aria-label=\"M\u00e9s informaci\u00f3 sobre Derbi provincial en una setmana marcada per la plutja\">Read more<\/a><\/p>\n","protected":false},"author":2,"featured_media":11487,"comment_status":"closed","ping_status":"closed","sticky":false,"template":"","format":"standard","meta":{"om_disable_all_campaigns":false,"_monsterinsights_skip_tracking":false,"_monsterinsights_sitenote_active":false,"_monsterinsights_sitenote_note":"","_monsterinsights_sitenote_category":0,"_uf_show_specific_survey":0,"_uf_disable_surveys":false,"footnotes":""},"categories":[2],"tags":[],"class_list":["post-11482","post","type-post","status-publish","format-standard","has-post-thumbnail","hentry","category-lavallduixo"],"_links":{"self":[{"href":"https:\/\/elcafedepipa.com\/index.php\/wp-json\/wp\/v2\/posts\/11482","targetHints":{"allow":["GET"]}}],"collection":[{"href":"https:\/\/elcafedepipa.com\/index.php\/wp-json\/wp\/v2\/posts"}],"about":[{"href":"https:\/\/elcafedepipa.com\/index.php\/wp-json\/wp\/v2\/types\/post"}],"author":[{"embeddable":true,"href":"https:\/\/elcafedepipa.com\/index.php\/wp-json\/wp\/v2\/users\/2"}],"replies":[{"embeddable":true,"href":"https:\/\/elcafedepipa.com\/index.php\/wp-json\/wp\/v2\/comments?post=11482"}],"version-history":[{"count":0,"href":"https:\/\/elcafedepipa.com\/index.php\/wp-json\/wp\/v2\/posts\/11482\/revisions"}],"wp:featuredmedia":[{"embeddable":true,"href":"https:\/\/elcafedepipa.com\/index.php\/wp-json\/wp\/v2\/media\/11487"}],"wp:attachment":[{"href":"https:\/\/elcafedepipa.com\/index.php\/wp-json\/wp\/v2\/media?parent=11482"}],"wp:term":[{"taxonomy":"category","embeddable":true,"href":"https:\/\/elcafedepipa.com\/index.php\/wp-json\/wp\/v2\/categories?post=11482"},{"taxonomy":"post_tag","embeddable":true,"href":"https:\/\/elcafedepipa.com\/index.php\/wp-json\/wp\/v2\/tags?post=11482"}],"curies":[{"name":"wp","href":"https:\/\/api.w.org\/{rel}","templated":true}]}}