{"id":11470,"date":"2025-03-07T12:13:17","date_gmt":"2025-03-07T11:13:17","guid":{"rendered":"https:\/\/elcafedepipa.com\/?p=11470"},"modified":"2025-03-07T12:13:18","modified_gmt":"2025-03-07T11:13:18","slug":"el-ppcs-qualifica-com-a-triomf-de-les-families-la-llibertat-linguistica-que-castello-exhibeix-despres-de-la-consulta-democratica-a-les-aules","status":"publish","type":"post","link":"https:\/\/elcafedepipa.com\/index.php\/2025\/03\/07\/el-ppcs-qualifica-com-a-triomf-de-les-families-la-llibertat-linguistica-que-castello-exhibeix-despres-de-la-consulta-democratica-a-les-aules\/","title":{"rendered":"El PPCS qualifica com a &#8220;triomf de les fam\u00edlies&#8221; la llibertat ling\u00fc\u00edstica que Castell\u00f3 exhibeix despr\u00e9s de la consulta democr\u00e0tica a les aules"},"content":{"rendered":"\n<p><strong>Salvador Aguilella<\/strong>, secretari general del PPCS, considera que el procediment reglat que la Conselleria d&#8217;Educaci\u00f3 ha oferit a les fam\u00edlies \u201cha sigut un exemple democr\u00e0tic mai abans adm\u00e9s a les aules\u201d<\/p>\n\n\n\n<p>Els resultats \u201cs\u00f3n la fotografia de diversitat de la prov\u00edncia\u201d. \u201cLes fam\u00edlies han pogut opinar en llibertat i la seua elecci\u00f3 servir\u00e0 per a aplicar la llengua base en cada centre educatiu\u201d. \u201cEl PP ha demostrat que la llibertat es garanteix i s&#8217;exerceix\u201d<\/p>\n\n\n\n<p>La prov\u00edncia de Castell\u00f3 abandera la participaci\u00f3 amb un 59,81% i un suport contundent a favor del valenci\u00e0, un 70,5%, enfront del 29,5% del castell\u00e0. \u201cPer fi s&#8217;escolta les fam\u00edlies que demanaven ser ateses\u201d, afirma el n\u00famero dos del PPCS<\/p>\n\n\n\n<p>El Partit Popular de la prov\u00edncia de Castell\u00f3 ha qualificat com a &#8220;triomf de les fam\u00edlies&#8221; el resultat de la consulta democr\u00e0tica que la Conselleria d&#8217;Educaci\u00f3 va oferir del 25 de febrer al 4 de mar\u00e7 amb l&#8217;objectiu de con\u00e9ixer quina opci\u00f3 ling\u00fc\u00edstica triaven com a llengua base en la formaci\u00f3 acad\u00e8mica dels seus fills. \u201cL&#8217;\u00e8xit d&#8217;aquesta votaci\u00f3 ha sigut la participaci\u00f3 m\u00e9s alta dels pares en el sistema educatiu\u201d.<\/p>\n\n\n\n<p>Castell\u00f3 abandera la participaci\u00f3, amb 42.264 fam\u00edlies de les 339.411 que han votat a la prov\u00edncia. Un 59,81% enfront del 58,81% de Val\u00e8ncia i el 57,96% d&#8217;Alacant que tria amb contund\u00e8ncia el valenci\u00e0 (70,5%), enfront del castell\u00e0 (29,5%).<\/p>\n\n\n\n<blockquote class=\"wp-block-quote is-layout-flow wp-block-quote-is-layout-flow\">\n<p>&#8220;\u00c9s una fotografia definida i decidida per les fam\u00edlies que lliurement han tingut l&#8217;oportunitat, hist\u00f2rica, de triar la llengua base en la que han de formar-se els seus fills. Una decisi\u00f3 valenta que demostra que la llibertat i els drets no sols es defensen de paraula sin\u00f3 que s&#8217;exerceixen complint amb els compromisos adquirits amb la prov\u00edncia a la qual representem&#8221;.<\/p>\n<\/blockquote>\n\n\n\n<p>Salvador Aguilella, secretari general del Partit Popular a la prov\u00edncia de Castell\u00f3, ha posat en valor el lideratge que Castell\u00f3 abandera en mat\u00e8ria de participaci\u00f3. De les tres prov\u00edncies, &#8220;\u00e9s la nostra la que abandera la mobilitzaci\u00f3 de les fam\u00edlies amb un 59,81% el que es tradueix en m\u00e9s de 42.000 fam\u00edlies que han decidit exercir lliurement el seu dret al vot&#8221;.<\/p>\n\n\n\n<p>El resultat &#8220;escenifica la diversitat de la nostra prov\u00edncia i estableix singularitats no ja per comarques, ni municipis, per centres educatius i nivells d&#8217;estudi, l&#8217;elecci\u00f3 servir\u00e0 per a aplicar la llengua base en en funci\u00f3 del resultat en cada centre educatiu &#8220;, ha considerat Aguilella.<\/p>\n\n\n\n<p>Per al n\u00famero dos del PPCS a la prov\u00edncia de Castell\u00f3, &#8220;l&#8217;\u00e8xit \u00e9s el de tots i cadascun dels participants, pares i mares que han decidit en llibertat exercir el seu dret al vot. Una opci\u00f3 democr\u00e0tica que mai abans havia existit a les aules i que amb el PP ha respost a una demanda que abans havia sigut silenciada&#8221;. &#8220;No cal tindre dret a consultar ni t\u00e9mer una resposta dels principals interessats en la formaci\u00f3 acad\u00e8mica dels nostres estudiants. Practicar els drets \u00e9s una obligaci\u00f3, perqu\u00e8 si no al final acaben entumint-se, com va oc\u00f3rrer durant els huit anys del Consell de PSOE i Comprom\u00eds&#8221;.<\/p>\n\n\n\n<p>Disposats a &#8220;mantindre en forma la llibertat i el dret individual dels nostres ciutadans&#8221;, en el PPCS asseguren que la consulta ling\u00fc\u00edstica ha demostrat &#8220;que som una societat millor quan deixem als nostres ciutadans que opinen lliurement&#8221;. &#8220;I en aix\u00f2 est\u00e0 comprom\u00e9s el Partit Popular, a escoltar i complir el mandat que els ciutadans ens han encomanat&#8221;, ha declarat Salvador Aguilella.<\/p>\n\n\n\n<p><\/p>\n","protected":false},"excerpt":{"rendered":"<p>Salvador Aguilella, secretari general del PPCS, considera que el procediment reglat que la Conselleria d&#8217;Educaci\u00f3 ha oferit a les fam\u00edlies \u201cha sigut un exemple democr\u00e0tic mai abans adm\u00e9s a les aules\u201d Els resultats \u201cs\u00f3n la fotografia de diversitat de la prov\u00edncia\u201d. \u201cLes fam\u00edlies han pogut opinar en llibertat i la seua elecci\u00f3 servir\u00e0 per a &#8230; <a title=\"El PPCS qualifica com a &#8220;triomf de les fam\u00edlies&#8221; la llibertat ling\u00fc\u00edstica que Castell\u00f3 exhibeix despr\u00e9s de la consulta democr\u00e0tica a les aules\" class=\"read-more\" href=\"https:\/\/elcafedepipa.com\/index.php\/2025\/03\/07\/el-ppcs-qualifica-com-a-triomf-de-les-families-la-llibertat-linguistica-que-castello-exhibeix-despres-de-la-consulta-democratica-a-les-aules\/\" aria-label=\"M\u00e9s informaci\u00f3 sobre El PPCS qualifica com a &#8220;triomf de les fam\u00edlies&#8221; la llibertat ling\u00fc\u00edstica que Castell\u00f3 exhibeix despr\u00e9s de la consulta democr\u00e0tica a les aules\">Read more<\/a><\/p>\n","protected":false},"author":2,"featured_media":11471,"comment_status":"closed","ping_status":"closed","sticky":false,"template":"","format":"standard","meta":{"om_disable_all_campaigns":false,"_monsterinsights_skip_tracking":false,"_monsterinsights_sitenote_active":false,"_monsterinsights_sitenote_note":"","_monsterinsights_sitenote_category":0,"_uf_show_specific_survey":0,"_uf_disable_surveys":false,"footnotes":""},"categories":[2],"tags":[],"class_list":["post-11470","post","type-post","status-publish","format-standard","has-post-thumbnail","hentry","category-lavallduixo"],"_links":{"self":[{"href":"https:\/\/elcafedepipa.com\/index.php\/wp-json\/wp\/v2\/posts\/11470","targetHints":{"allow":["GET"]}}],"collection":[{"href":"https:\/\/elcafedepipa.com\/index.php\/wp-json\/wp\/v2\/posts"}],"about":[{"href":"https:\/\/elcafedepipa.com\/index.php\/wp-json\/wp\/v2\/types\/post"}],"author":[{"embeddable":true,"href":"https:\/\/elcafedepipa.com\/index.php\/wp-json\/wp\/v2\/users\/2"}],"replies":[{"embeddable":true,"href":"https:\/\/elcafedepipa.com\/index.php\/wp-json\/wp\/v2\/comments?post=11470"}],"version-history":[{"count":0,"href":"https:\/\/elcafedepipa.com\/index.php\/wp-json\/wp\/v2\/posts\/11470\/revisions"}],"wp:featuredmedia":[{"embeddable":true,"href":"https:\/\/elcafedepipa.com\/index.php\/wp-json\/wp\/v2\/media\/11471"}],"wp:attachment":[{"href":"https:\/\/elcafedepipa.com\/index.php\/wp-json\/wp\/v2\/media?parent=11470"}],"wp:term":[{"taxonomy":"category","embeddable":true,"href":"https:\/\/elcafedepipa.com\/index.php\/wp-json\/wp\/v2\/categories?post=11470"},{"taxonomy":"post_tag","embeddable":true,"href":"https:\/\/elcafedepipa.com\/index.php\/wp-json\/wp\/v2\/tags?post=11470"}],"curies":[{"name":"wp","href":"https:\/\/api.w.org\/{rel}","templated":true}]}}