{"id":11467,"date":"2025-03-07T12:02:22","date_gmt":"2025-03-07T11:02:22","guid":{"rendered":"https:\/\/elcafedepipa.com\/?p=11467"},"modified":"2025-03-07T12:02:23","modified_gmt":"2025-03-07T11:02:23","slug":"lajuntament-de-la-vall-duixo-inicia-tres-programes-de-formacio-i-ocupacio-amb-70-alumnes","status":"publish","type":"post","link":"https:\/\/elcafedepipa.com\/index.php\/2025\/03\/07\/lajuntament-de-la-vall-duixo-inicia-tres-programes-de-formacio-i-ocupacio-amb-70-alumnes\/","title":{"rendered":"L&#8217;Ajuntament de la Vall d&#8217;Uix\u00f3 inicia tres programes de formaci\u00f3 i ocupaci\u00f3 amb 70 alumnes"},"content":{"rendered":"\n<p>Aquestes iniciatives formen i ocupen persones desocupades en un ofici i realitzen manteniment i obres de millora a la ciutat.<\/p>\n\n\n\n<p>L&#8217;Ajuntament de la Vall d&#8217;Uix\u00f3 ha donat la benvinguda als programes mixtos de formaci\u00f3 i ocupaci\u00f3 que han comen\u00e7at al febrer i que compten amb 70 alumnes que es trobaven en situaci\u00f3 de desocupaci\u00f3 i que a trav\u00e9s d&#8217;aquest projecte \u201ctenen l&#8217;oportunitat d&#8217;aprendre un ofici, obtindre un certificat professional i millorar la seua inserci\u00f3 laboral\u201d, tal com han destacat l&#8217;alcaldessa, Tania Ba\u00f1os, i el regidor d&#8217;Ocupaci\u00f3, Jorge Garc\u00eda.<\/p>\n\n\n\n<p>L&#8217;acte d&#8217;obertura oficial s&#8217;ha realitzat a la Biblioteca Municipal i s&#8217;han reunit tant els 70 alumnes com els 16 docents i personal administratiu que imparteixen aquests tres programes:<strong> Taller d&#8217;Ocupaci\u00f3 Integrem La Vall<\/strong>, <strong>Escola Taller Uix\u00f3<\/strong> i <strong>Acci\u00f3 Inserida Uix\u00f3<\/strong>. Cada iniciativa compta amb diverses especialitats, que s\u00f3n electricitat, agricultura ecol\u00f2gica i obra de paleta, tres sectors en els quals existeix demanda de perfils professionals.<\/p>\n\n\n\n<p>L&#8217;alumnat a m\u00e9s de rebre formaci\u00f3 te\u00f2rica i pr\u00e0ctica tamb\u00e9 realitza actuacions de manteniment i millora de la ciutat. En aquest sentit, al llarg dels programes (dos tenen una duraci\u00f3 d&#8217;un any i l&#8217;altre de sis mesos amb possibilitat que es prorrogue) continuaran amb la prolongaci\u00f3 del barranc del Randero, instal\u00b7laran dom\u00f2tica en les depend\u00e8ncies municipals i duran a terme projectes d&#8217;agricultura ecol\u00f2gica.<\/p>\n\n\n\n<p>Aquestes tres accions de formaci\u00f3 i ocupaci\u00f3 suposen una inversi\u00f3 d&#8217;1.582.818 euros. L&#8217;alcaldessa ha valorat que \u201cels impostos tamb\u00e9 serveixen per a impulsar programes com aquests, que donen treball i formaci\u00f3 a persones desocupades que fan manteniment i obres que milloren la ciutat\u201d. Aix\u00ed mateix ha posat en valor el \u201cesfor\u00e7 i els recursos que dediquem a ajudar les persones a aconseguir un treball i un projecte de vida\u201d.<\/p>\n\n\n\n<p>Per part seua, el regidor ha afegit que la Vall d&#8217;Uix\u00f3 \u00e9s \u201cun <strong>exemple de consecuci\u00f3 i gesti\u00f3<\/strong>\u201d de pol\u00edtiques actives d&#8217;ocupaci\u00f3 \u201ci volem continuar sent-ho\u201d. Per aix\u00f2, ha reivindicat a la Generalitat Valenciana que \u201cdone continu\u00eftat a projectes com aquests, perqu\u00e8 s\u00f3n una oportunitat per a moltes persones i per a millorar el nostre municipi\u201d.<\/p>\n\n\n\n<p><\/p>\n","protected":false},"excerpt":{"rendered":"<p>Aquestes iniciatives formen i ocupen persones desocupades en un ofici i realitzen manteniment i obres de millora a la ciutat. L&#8217;Ajuntament de la Vall d&#8217;Uix\u00f3 ha donat la benvinguda als programes mixtos de formaci\u00f3 i ocupaci\u00f3 que han comen\u00e7at al febrer i que compten amb 70 alumnes que es trobaven en situaci\u00f3 de desocupaci\u00f3 i &#8230; <a title=\"L&#8217;Ajuntament de la Vall d&#8217;Uix\u00f3 inicia tres programes de formaci\u00f3 i ocupaci\u00f3 amb 70 alumnes\" class=\"read-more\" href=\"https:\/\/elcafedepipa.com\/index.php\/2025\/03\/07\/lajuntament-de-la-vall-duixo-inicia-tres-programes-de-formacio-i-ocupacio-amb-70-alumnes\/\" aria-label=\"M\u00e9s informaci\u00f3 sobre L&#8217;Ajuntament de la Vall d&#8217;Uix\u00f3 inicia tres programes de formaci\u00f3 i ocupaci\u00f3 amb 70 alumnes\">Read more<\/a><\/p>\n","protected":false},"author":2,"featured_media":11468,"comment_status":"closed","ping_status":"closed","sticky":false,"template":"","format":"standard","meta":{"om_disable_all_campaigns":false,"_monsterinsights_skip_tracking":false,"_monsterinsights_sitenote_active":false,"_monsterinsights_sitenote_note":"","_monsterinsights_sitenote_category":0,"_uf_show_specific_survey":0,"_uf_disable_surveys":false,"footnotes":""},"categories":[2],"tags":[],"class_list":["post-11467","post","type-post","status-publish","format-standard","has-post-thumbnail","hentry","category-lavallduixo"],"_links":{"self":[{"href":"https:\/\/elcafedepipa.com\/index.php\/wp-json\/wp\/v2\/posts\/11467","targetHints":{"allow":["GET"]}}],"collection":[{"href":"https:\/\/elcafedepipa.com\/index.php\/wp-json\/wp\/v2\/posts"}],"about":[{"href":"https:\/\/elcafedepipa.com\/index.php\/wp-json\/wp\/v2\/types\/post"}],"author":[{"embeddable":true,"href":"https:\/\/elcafedepipa.com\/index.php\/wp-json\/wp\/v2\/users\/2"}],"replies":[{"embeddable":true,"href":"https:\/\/elcafedepipa.com\/index.php\/wp-json\/wp\/v2\/comments?post=11467"}],"version-history":[{"count":0,"href":"https:\/\/elcafedepipa.com\/index.php\/wp-json\/wp\/v2\/posts\/11467\/revisions"}],"wp:featuredmedia":[{"embeddable":true,"href":"https:\/\/elcafedepipa.com\/index.php\/wp-json\/wp\/v2\/media\/11468"}],"wp:attachment":[{"href":"https:\/\/elcafedepipa.com\/index.php\/wp-json\/wp\/v2\/media?parent=11467"}],"wp:term":[{"taxonomy":"category","embeddable":true,"href":"https:\/\/elcafedepipa.com\/index.php\/wp-json\/wp\/v2\/categories?post=11467"},{"taxonomy":"post_tag","embeddable":true,"href":"https:\/\/elcafedepipa.com\/index.php\/wp-json\/wp\/v2\/tags?post=11467"}],"curies":[{"name":"wp","href":"https:\/\/api.w.org\/{rel}","templated":true}]}}