{"id":11461,"date":"2025-03-07T11:47:56","date_gmt":"2025-03-07T10:47:56","guid":{"rendered":"https:\/\/elcafedepipa.com\/?p=11461"},"modified":"2025-03-07T11:54:08","modified_gmt":"2025-03-07T10:54:08","slug":"adjudiquen-la-redaccio-del-projecte-basic-i-dexecucio-de-les-obres-del-pla-edificant-en-lies-almenara","status":"publish","type":"post","link":"https:\/\/elcafedepipa.com\/index.php\/2025\/03\/07\/adjudiquen-la-redaccio-del-projecte-basic-i-dexecucio-de-les-obres-del-pla-edificant-en-lies-almenara\/","title":{"rendered":"Adjudiquen la redacci\u00f3 del projecte b\u00e0sic i d\u2019execuci\u00f3 de les obres del pla edificant en l\u2019 IES Almenara"},"content":{"rendered":"\n<p class=\"wp-block-paragraph\">Les actuacions previstes estan incloses en els pressupostos municipals amb una inversi\u00f3 de 581.000 euros.<\/p>\n\n\n\n<p class=\"wp-block-paragraph\">L&#8217;empresa Aktua Management S.L. ha sigut l&#8217;adjudicat\u00e0ria de la redacci\u00f3 del projecte b\u00e0sic i del d&#8217;execuci\u00f3 de les obres previstes dins del Pla Edificant en l&#8217;IES Almenara. L&#8217;import d&#8217;adjudicaci\u00f3 \u00e9s de 17.868,35 euros IVA incl\u00f2s. L&#8217;empresa disposar\u00e0 de dos mesos des de la formalitzaci\u00f3 del contracte per a redactar el projecte i continuar\u00e0 amb les seues tasques mentre s&#8217;execute i desenvolupe l&#8217;obra prevista. Set empreses han optat en aquest concurs.<\/p>\n\n\n\n<p class=\"wp-block-paragraph\">Les actuacions previstes en l&#8217;IES Almenara per a les quals es redactar\u00e0 el projecte inclouen la reparaci\u00f3 de les cobertes, la xarxa d&#8217;evacuaci\u00f3 d&#8217;aigua, la reparaci\u00f3 de<\/p>\n\n\n\n<p class=\"wp-block-paragraph\">les filtracions en el gimn\u00e0s i l&#8217;adequaci\u00f3 de la zona exterior. Les obres inicialment tenen un pressupost de 581.000 euros, inversi\u00f3 que s&#8217;inclou en els comptes municipals de 2025, que ja es troben en vigor.<\/p>\n\n\n\n<p class=\"wp-block-paragraph\"><\/p>\n","protected":false},"excerpt":{"rendered":"<p>Les actuacions previstes estan incloses en els pressupostos municipals amb una inversi\u00f3 de 581.000 euros. L&#8217;empresa Aktua Management S.L. ha sigut l&#8217;adjudicat\u00e0ria de la redacci\u00f3 del projecte b\u00e0sic i del d&#8217;execuci\u00f3 de les obres previstes dins del Pla Edificant en l&#8217;IES Almenara. L&#8217;import d&#8217;adjudicaci\u00f3 \u00e9s de 17.868,35 euros IVA incl\u00f2s. L&#8217;empresa disposar\u00e0 de dos mesos &#8230; <a title=\"Adjudiquen la redacci\u00f3 del projecte b\u00e0sic i d\u2019execuci\u00f3 de les obres del pla edificant en l\u2019 IES Almenara\" class=\"read-more\" href=\"https:\/\/elcafedepipa.com\/index.php\/2025\/03\/07\/adjudiquen-la-redaccio-del-projecte-basic-i-dexecucio-de-les-obres-del-pla-edificant-en-lies-almenara\/\" aria-label=\"M\u00e9s informaci\u00f3 sobre Adjudiquen la redacci\u00f3 del projecte b\u00e0sic i d\u2019execuci\u00f3 de les obres del pla edificant en l\u2019 IES Almenara\">Read more<\/a><\/p>\n","protected":false},"author":2,"featured_media":11462,"comment_status":"closed","ping_status":"closed","sticky":false,"template":"","format":"standard","meta":{"om_disable_all_campaigns":false,"_monsterinsights_skip_tracking":false,"_uf_show_specific_survey":0,"_uf_disable_surveys":false,"slim_seo":{"title":"Adjudiquen la redacci\u00f3 del projecte b\u00e0sic i d\u2019execuci\u00f3 de les obres del pla edificant en l\u2019 IES Almenara - El caf\u00e9 de Pipa","description":"Les actuacions previstes estan incloses en els pressupostos municipals amb una inversi\u00f3 de 581.000 euros. L'empresa Aktua Management S.L. ha sigut l'adjudicat\u00e0r"},"footnotes":""},"categories":[5],"tags":[],"ppma_author":[74],"class_list":["post-11461","post","type-post","status-publish","format-standard","has-post-thumbnail","hentry","category-almenara"],"distributor_meta":false,"distributor_terms":false,"distributor_media":false,"distributor_original_site_name":"El caf\u00e9 de Pipa","distributor_original_site_url":"https:\/\/elcafedepipa.com","push-errors":false,"authors":[{"term_id":74,"user_id":2,"is_guest":0,"slug":"radiolavallduixo","display_name":"Vicent Arnau Forner","avatar_url":"https:\/\/secure.gravatar.com\/avatar\/26a27d13d194fc3b4d2a7a933a63466fa1af911ef6eac8a107691f6aeb82d442?s=96&d=mm&r=g","author_category":"","first_name":"ecdp","last_name":"","user_url":"http:\/\/www.elcafedepipa.com","job_title":"","description":""}],"_links":{"self":[{"href":"https:\/\/elcafedepipa.com\/index.php\/wp-json\/wp\/v2\/posts\/11461","targetHints":{"allow":["GET"]}}],"collection":[{"href":"https:\/\/elcafedepipa.com\/index.php\/wp-json\/wp\/v2\/posts"}],"about":[{"href":"https:\/\/elcafedepipa.com\/index.php\/wp-json\/wp\/v2\/types\/post"}],"author":[{"embeddable":true,"href":"https:\/\/elcafedepipa.com\/index.php\/wp-json\/wp\/v2\/users\/2"}],"replies":[{"embeddable":true,"href":"https:\/\/elcafedepipa.com\/index.php\/wp-json\/wp\/v2\/comments?post=11461"}],"version-history":[{"count":0,"href":"https:\/\/elcafedepipa.com\/index.php\/wp-json\/wp\/v2\/posts\/11461\/revisions"}],"wp:featuredmedia":[{"embeddable":true,"href":"https:\/\/elcafedepipa.com\/index.php\/wp-json\/wp\/v2\/media\/11462"}],"wp:attachment":[{"href":"https:\/\/elcafedepipa.com\/index.php\/wp-json\/wp\/v2\/media?parent=11461"}],"wp:term":[{"taxonomy":"category","embeddable":true,"href":"https:\/\/elcafedepipa.com\/index.php\/wp-json\/wp\/v2\/categories?post=11461"},{"taxonomy":"post_tag","embeddable":true,"href":"https:\/\/elcafedepipa.com\/index.php\/wp-json\/wp\/v2\/tags?post=11461"},{"taxonomy":"author","embeddable":true,"href":"https:\/\/elcafedepipa.com\/index.php\/wp-json\/wp\/v2\/ppma_author?post=11461"}],"curies":[{"name":"wp","href":"https:\/\/api.w.org\/{rel}","templated":true}]}}