{"id":11457,"date":"2025-03-07T11:26:32","date_gmt":"2025-03-07T10:26:32","guid":{"rendered":"https:\/\/elcafedepipa.com\/?p=11457"},"modified":"2025-03-07T11:26:33","modified_gmt":"2025-03-07T10:26:33","slug":"pina-de-montalgrao-aprofita-els-30-000-euros-del-consell-en-materia-de-prevencio-dincendis-per-a-garantir-la-defensa-de-la-localitat-enfront-del-foc","status":"publish","type":"post","link":"https:\/\/elcafedepipa.com\/index.php\/2025\/03\/07\/pina-de-montalgrao-aprofita-els-30-000-euros-del-consell-en-materia-de-prevencio-dincendis-per-a-garantir-la-defensa-de-la-localitat-enfront-del-foc\/","title":{"rendered":"Pina de Montalgrao aprofita els 30.000 euros del Consell en mat\u00e8ria de prevenci\u00f3 d&#8217;incendis per a garantir la defensa de la localitat enfront del foc"},"content":{"rendered":"\n<ul class=\"wp-block-list\">\n<li>L&#8217;alcaldessa de Pina de Montalgrao, Mar\u00eda \u00c1ngeles Murria, considera que el fons atorgat per la Conselleria de Medi Ambient \u00e9s \u201ccrucial\u201d en municipis amb escassos recursos \u201ccom \u00e9s el cas del meu\u201d. \u201cAjudar als que menys tenim \u00e9s vital\u201d<\/li>\n<\/ul>\n\n\n\n<ul class=\"wp-block-list\">\n<li> La localitat destinar\u00e0 els fons a la neteja de pistes forestals, adequaci\u00f3 de senderes i millora de les zones d&#8217;interf\u00edcie. \u201cEstem envoltats d&#8217;una massa boscosa que \u00e9s un privilegi. Volem protegir este patrimoni i protegir-nos\u201d, diu<\/li>\n<\/ul>\n\n\n\n<p>Pina de Montalgrao aprofitar\u00e0 els 29.927,89 euros atorgats pel Consell a trav\u00e9s del Fons estrat\u00e8gic municipal de prevenci\u00f3 d&#8217;incendis i gesti\u00f3 forestal per a refor\u00e7ar la seguretat del municipi davant un hipot\u00e8tic incendi.<\/p>\n\n\n\n<p>Aix\u00ed ho ha manifestat l&#8217;alcaldessa de la localitat, Mar\u00eda \u00c1ngeles Murria, que al costat del seu tinent d&#8217;alcalde, \u00d3scar Clemente, va compartir el dilluns 3 de mar\u00e7 amb el conseller de Medi Ambient, Vicente Mart\u00ednez Mus, els beneficis \u201cd&#8217;una l\u00ednia d&#8217;ajudes directa que ens permet comen\u00e7ar ja a treballar en la neteja de pistes, senderes, zones d&#8217;interf\u00edcie i elements lligats a la prevenci\u00f3 del foc\u201d.<\/p>\n\n\n\n<p>En efecte, el fons concedit de manera provisional dilluns passat, podria ampliar-se en quantia una vegada s&#8217;adjudique amb car\u00e0cter definitiu. \u201cNosaltres estem ja treballant per a aprofitar estos diners i assegurar que el privilegi de comptar amb una massa boscosa com \u00e9s la que ens abra\u00e7a no suposa cap risc en cas que es registrara un incendi que no desitgem\u201d.<\/p>\n\n\n\n<p>La localitat tramita ja les labors lligades a estes ajudes per a garantir que el 16 d&#8217;octubre de 2025 \u201cels treballs estan conclosos i podem justificar el gasto contractat per a fer estes tasques de prevenci\u00f3\u201d. En este sentit, \u201cen pobles<\/p>\n\n\n\n<p>xicotets com el meu, on els recursos s\u00f3n limitats, comptar amb esta mena d&#8217;ajudes per a realitzar estes labors \u00e9s crucial\u201d, ha considerat l&#8217;alcaldessa de Pina de Montalgrao.<\/p>\n\n\n\n<p>\u201c\u00c9s per aix\u00f2 que qualsevol ajuda que arribe, per xicoteta que siga, ens ajuda i molt a millorar la qualitat de vida privilegiada que nom\u00e9s Pina de Montalgrao oferix als seus ve\u00efns\u201d, ha concl\u00f2s Murria.<\/p>\n\n\n\n<p><\/p>\n","protected":false},"excerpt":{"rendered":"<p>Pina de Montalgrao aprofitar\u00e0 els 29.927,89 euros atorgats pel Consell a trav\u00e9s del Fons estrat\u00e8gic municipal de prevenci\u00f3 d&#8217;incendis i gesti\u00f3 forestal per a refor\u00e7ar la seguretat del municipi davant un hipot\u00e8tic incendi. Aix\u00ed ho ha manifestat l&#8217;alcaldessa de la localitat, Mar\u00eda \u00c1ngeles Murria, que al costat del seu tinent d&#8217;alcalde, \u00d3scar Clemente, va compartir &#8230; <a title=\"Pina de Montalgrao aprofita els 30.000 euros del Consell en mat\u00e8ria de prevenci\u00f3 d&#8217;incendis per a garantir la defensa de la localitat enfront del foc\" class=\"read-more\" href=\"https:\/\/elcafedepipa.com\/index.php\/2025\/03\/07\/pina-de-montalgrao-aprofita-els-30-000-euros-del-consell-en-materia-de-prevencio-dincendis-per-a-garantir-la-defensa-de-la-localitat-enfront-del-foc\/\" aria-label=\"M\u00e9s informaci\u00f3 sobre Pina de Montalgrao aprofita els 30.000 euros del Consell en mat\u00e8ria de prevenci\u00f3 d&#8217;incendis per a garantir la defensa de la localitat enfront del foc\">Read more<\/a><\/p>\n","protected":false},"author":2,"featured_media":11458,"comment_status":"closed","ping_status":"closed","sticky":false,"template":"","format":"standard","meta":{"om_disable_all_campaigns":false,"_monsterinsights_skip_tracking":false,"_monsterinsights_sitenote_active":false,"_monsterinsights_sitenote_note":"","_monsterinsights_sitenote_category":0,"_uf_show_specific_survey":0,"_uf_disable_surveys":false,"footnotes":""},"categories":[10],"tags":[],"class_list":["post-11457","post","type-post","status-publish","format-standard","has-post-thumbnail","hentry","category-provinciadecastello"],"_links":{"self":[{"href":"https:\/\/elcafedepipa.com\/index.php\/wp-json\/wp\/v2\/posts\/11457","targetHints":{"allow":["GET"]}}],"collection":[{"href":"https:\/\/elcafedepipa.com\/index.php\/wp-json\/wp\/v2\/posts"}],"about":[{"href":"https:\/\/elcafedepipa.com\/index.php\/wp-json\/wp\/v2\/types\/post"}],"author":[{"embeddable":true,"href":"https:\/\/elcafedepipa.com\/index.php\/wp-json\/wp\/v2\/users\/2"}],"replies":[{"embeddable":true,"href":"https:\/\/elcafedepipa.com\/index.php\/wp-json\/wp\/v2\/comments?post=11457"}],"version-history":[{"count":0,"href":"https:\/\/elcafedepipa.com\/index.php\/wp-json\/wp\/v2\/posts\/11457\/revisions"}],"wp:featuredmedia":[{"embeddable":true,"href":"https:\/\/elcafedepipa.com\/index.php\/wp-json\/wp\/v2\/media\/11458"}],"wp:attachment":[{"href":"https:\/\/elcafedepipa.com\/index.php\/wp-json\/wp\/v2\/media?parent=11457"}],"wp:term":[{"taxonomy":"category","embeddable":true,"href":"https:\/\/elcafedepipa.com\/index.php\/wp-json\/wp\/v2\/categories?post=11457"},{"taxonomy":"post_tag","embeddable":true,"href":"https:\/\/elcafedepipa.com\/index.php\/wp-json\/wp\/v2\/tags?post=11457"}],"curies":[{"name":"wp","href":"https:\/\/api.w.org\/{rel}","templated":true}]}}