{"id":11424,"date":"2025-03-06T14:08:55","date_gmt":"2025-03-06T13:08:55","guid":{"rendered":"https:\/\/elcafedepipa.com\/?p=11424"},"modified":"2025-03-06T14:08:56","modified_gmt":"2025-03-06T13:08:56","slug":"lajuntament-de-la-vall-duixo-obre-el-proces-selectiu-per-a-una-placa-de-direccio-esportives","status":"publish","type":"post","link":"https:\/\/elcafedepipa.com\/index.php\/2025\/03\/06\/lajuntament-de-la-vall-duixo-obre-el-proces-selectiu-per-a-una-placa-de-direccio-esportives\/","title":{"rendered":"L&#8217;Ajuntament de la Vall d&#8217;Uix\u00f3 obre el proc\u00e9s selectiu per a una pla\u00e7a de direcci\u00f3 esportives"},"content":{"rendered":"\n<p><strong>Fins al 18 de mar\u00e7 es pot presentar la sol\u00b7licitud per coordinar, dirigir i planificar les activitats f\u00edsiques i esportives municipals<\/strong><\/p>\n\n\n\n<p>L&#8217;Ajuntament de la Vall d&#8217;Uix\u00f3 ha convocat el proc\u00e9s selectiu per cobrir en propietat una pla\u00e7a de director esportiu per al departament d&#8217;Esports. Fins al 18 de mar\u00e7 es pot presentar la sol\u00b7licitud telem\u00e0tica a trav\u00e9s de la seu electr\u00f2nica, adjunt a la inst\u00e0ncia la declaraci\u00f3 responsable sobre el compliment dels requisits i el justificant de pagament de la taxa.<\/p>\n\n\n\n<p>La pla\u00e7a \u00e9s de t\u00e8cnic A1 per ser el futur cap de l&#8217;\u00e0rea d&#8217;Esports, amb funcions de coordinaci\u00f3, direcci\u00f3 i planificaci\u00f3 de les activitats f\u00edsiques i esportives municipals, per les quals \u201caquest equip de govern ha apostat fermament des del 2015 i el servei compta amb un gran nombre d&#8217;usuaris\u201d, tal com ha explicat la regidora de Recursos Humans, Zaida Moreno.<\/p>\n\n\n\n<p>Els requisits per optar s\u00f3n tindre el Grau en Ci\u00e8ncies de l&#8217;Activitat F\u00edsica i de l&#8217;Esport o la llicenciatura o titulaci\u00f3 equivalent, i el certificat de C1 de valenci\u00e0. Les bases completes es poden consultar a: https:\/\/www.lavallduixo.es\/es\/convocatoria-de-una-plaza-en-propiedad-de-directora-deportivo. La taxa \u00e9s de 59,20 euros, la corresponent a A1, i hi ha bonificacions.<\/p>\n\n\n\n<p>Moreno ha detallat que el proc\u00e9s selectiu segueix el sistema de concurs oposici\u00f3. L&#8217;oposici\u00f3 constar\u00e0 de quatre fases: test, casos pr\u00e0ctics, pr\u00e0ctiques i traducci\u00f3 (70 punts). Posteriorment al concurs es valoraran els m\u00e8rits (30 punts). Un cop finalitzat el proc\u00e9s, la persona que obtingui la pla\u00e7a estar\u00e0 dos mesos com a funcionari\/\u00e0ria en pr\u00e0ctiques i en cas de superar-les prendr\u00e0 possessi\u00f3 com a funcionari\/\u00e0ria de carrera.<br><\/p>\n","protected":false},"excerpt":{"rendered":"<p>Fins al 18 de mar\u00e7 es pot presentar la sol\u00b7licitud per coordinar, dirigir i planificar les activitats f\u00edsiques i esportives municipals L&#8217;Ajuntament de la Vall d&#8217;Uix\u00f3 ha convocat el proc\u00e9s selectiu per cobrir en propietat una pla\u00e7a de director esportiu per al departament d&#8217;Esports. Fins al 18 de mar\u00e7 es pot presentar la sol\u00b7licitud telem\u00e0tica &#8230; <a title=\"L&#8217;Ajuntament de la Vall d&#8217;Uix\u00f3 obre el proc\u00e9s selectiu per a una pla\u00e7a de direcci\u00f3 esportives\" class=\"read-more\" href=\"https:\/\/elcafedepipa.com\/index.php\/2025\/03\/06\/lajuntament-de-la-vall-duixo-obre-el-proces-selectiu-per-a-una-placa-de-direccio-esportives\/\" aria-label=\"M\u00e9s informaci\u00f3 sobre L&#8217;Ajuntament de la Vall d&#8217;Uix\u00f3 obre el proc\u00e9s selectiu per a una pla\u00e7a de direcci\u00f3 esportives\">Read more<\/a><\/p>\n","protected":false},"author":2,"featured_media":11425,"comment_status":"closed","ping_status":"closed","sticky":false,"template":"","format":"standard","meta":{"om_disable_all_campaigns":false,"_monsterinsights_skip_tracking":false,"_monsterinsights_sitenote_active":false,"_monsterinsights_sitenote_note":"","_monsterinsights_sitenote_category":0,"_uf_show_specific_survey":0,"_uf_disable_surveys":false,"footnotes":""},"categories":[1],"tags":[],"class_list":["post-11424","post","type-post","status-publish","format-standard","has-post-thumbnail","hentry","category-non-classe"],"_links":{"self":[{"href":"https:\/\/elcafedepipa.com\/index.php\/wp-json\/wp\/v2\/posts\/11424","targetHints":{"allow":["GET"]}}],"collection":[{"href":"https:\/\/elcafedepipa.com\/index.php\/wp-json\/wp\/v2\/posts"}],"about":[{"href":"https:\/\/elcafedepipa.com\/index.php\/wp-json\/wp\/v2\/types\/post"}],"author":[{"embeddable":true,"href":"https:\/\/elcafedepipa.com\/index.php\/wp-json\/wp\/v2\/users\/2"}],"replies":[{"embeddable":true,"href":"https:\/\/elcafedepipa.com\/index.php\/wp-json\/wp\/v2\/comments?post=11424"}],"version-history":[{"count":0,"href":"https:\/\/elcafedepipa.com\/index.php\/wp-json\/wp\/v2\/posts\/11424\/revisions"}],"wp:featuredmedia":[{"embeddable":true,"href":"https:\/\/elcafedepipa.com\/index.php\/wp-json\/wp\/v2\/media\/11425"}],"wp:attachment":[{"href":"https:\/\/elcafedepipa.com\/index.php\/wp-json\/wp\/v2\/media?parent=11424"}],"wp:term":[{"taxonomy":"category","embeddable":true,"href":"https:\/\/elcafedepipa.com\/index.php\/wp-json\/wp\/v2\/categories?post=11424"},{"taxonomy":"post_tag","embeddable":true,"href":"https:\/\/elcafedepipa.com\/index.php\/wp-json\/wp\/v2\/tags?post=11424"}],"curies":[{"name":"wp","href":"https:\/\/api.w.org\/{rel}","templated":true}]}}