{"id":11420,"date":"2025-03-06T10:52:26","date_gmt":"2025-03-06T09:52:26","guid":{"rendered":"https:\/\/elcafedepipa.com\/?p=11420"},"modified":"2025-03-06T10:52:27","modified_gmt":"2025-03-06T09:52:27","slug":"moncofa-tornara-a-comptar-este-estiu-amb-sis-berenadors-i-activitats-per-a-tota-la-familia","status":"publish","type":"post","link":"https:\/\/elcafedepipa.com\/index.php\/2025\/03\/06\/moncofa-tornara-a-comptar-este-estiu-amb-sis-berenadors-i-activitats-per-a-tota-la-familia\/","title":{"rendered":"Moncofa tornar\u00e0 a comptar este estiu amb sis berenadors i activitats per a tota la fam\u00edlia"},"content":{"rendered":"\n<p><strong>El consistori ha presentat a Costes el pla d\u2019explotaci\u00f3 del litoral en qu\u00e8 se inclouen els servicis de platja<\/strong><\/p>\n\n\n\n<p>A pesar que encara falten alguns mesos per a l&#8217;arribada oficial de l&#8217;estiu, a Moncofa s&#8217;ha comen\u00e7at a treballar de cara a la temporada amb major aflu\u00e8ncia de visitants que rep el tur\u00edstic municipi de la Plana Baixa. L&#8217;Ajuntament de Moncofa ha presentat el pla d&#8217;explotaci\u00f3 del litoral a Costes, autoritat competent en l&#8217;aprovaci\u00f3, que inclou tots els servicis de platges, incloses instal\u00b7lacions en \u00fas i agendes d&#8217;activitats per a l&#8217;oci infantil i adult que es duen a terme sobre l&#8217;arena.<\/p>\n\n\n\n<p>La planificaci\u00f3 presentada pel consistori inclou la pres\u00e8ncia de sis berenadors repartits al llarg de la zona costanera, aix\u00ed com es garantix la pres\u00e8ncia de dutxes. De la mateixa manera, el consistori obri la possibilitat d&#8217;explotar el servici de gandules a la platja. Tamb\u00e9 s&#8217;habilitaran cinc llocs de socorrisme, dos d&#8217;ells adaptats per a garantir l&#8217;acc\u00e9s a tot tipus d&#8217;usuaris.<\/p>\n\n\n\n<p>D&#8217;altra banda, es disposar\u00e0 d&#8217;espais esportius com la pista de voleibol i futbol platja. &#8220;A Moncofa hem comen\u00e7at a preparar l&#8217;estiu. Volem garantir els millors servicis i infraestructures als nostres ve\u00efns i visitants. Any rere any ens visiten milers de persones per a gaudir de la costa mediterr\u00e0nia, i en 2025 gaudiran de les millors condicions&#8221;, ha explicat el regidor de Platges, Francisco Alemany.<\/p>\n\n\n\n<p>Aix\u00ed, l&#8217;acc\u00e9s a l&#8217;arena es facilitar\u00e0 amb la instal\u00b7laci\u00f3 de passarel\u00b7les a les quals s&#8217;accedir\u00e0 directament des de les voreres. Tamb\u00e9 tornar\u00e0 a estar disponible la platja canina perqu\u00e8 les mascotes tinguen un espai c\u00f2mode on gaudir de l&#8217;estiu. A les platges, cal sumar el Sender Blau del Belcaire que permet passejar al costat del Mediterrani; o les activitats esportives com les travessies nadant o carreres en la mar supervisades.<\/p>\n","protected":false},"excerpt":{"rendered":"<p>El consistori ha presentat a Costes el pla d\u2019explotaci\u00f3 del litoral en qu\u00e8 se inclouen els servicis de platja A pesar que encara falten alguns mesos per a l&#8217;arribada oficial de l&#8217;estiu, a Moncofa s&#8217;ha comen\u00e7at a treballar de cara a la temporada amb major aflu\u00e8ncia de visitants que rep el tur\u00edstic municipi de la &#8230; <a title=\"Moncofa tornar\u00e0 a comptar este estiu amb sis berenadors i activitats per a tota la fam\u00edlia\" class=\"read-more\" href=\"https:\/\/elcafedepipa.com\/index.php\/2025\/03\/06\/moncofa-tornara-a-comptar-este-estiu-amb-sis-berenadors-i-activitats-per-a-tota-la-familia\/\" aria-label=\"M\u00e9s informaci\u00f3 sobre Moncofa tornar\u00e0 a comptar este estiu amb sis berenadors i activitats per a tota la fam\u00edlia\">Read more<\/a><\/p>\n","protected":false},"author":2,"featured_media":11422,"comment_status":"closed","ping_status":"closed","sticky":false,"template":"","format":"standard","meta":{"om_disable_all_campaigns":false,"_monsterinsights_skip_tracking":false,"_monsterinsights_sitenote_active":false,"_monsterinsights_sitenote_note":"","_monsterinsights_sitenote_category":0,"_uf_show_specific_survey":0,"_uf_disable_surveys":false,"footnotes":""},"categories":[4],"tags":[],"class_list":["post-11420","post","type-post","status-publish","format-standard","has-post-thumbnail","hentry","category-moncofa"],"_links":{"self":[{"href":"https:\/\/elcafedepipa.com\/index.php\/wp-json\/wp\/v2\/posts\/11420","targetHints":{"allow":["GET"]}}],"collection":[{"href":"https:\/\/elcafedepipa.com\/index.php\/wp-json\/wp\/v2\/posts"}],"about":[{"href":"https:\/\/elcafedepipa.com\/index.php\/wp-json\/wp\/v2\/types\/post"}],"author":[{"embeddable":true,"href":"https:\/\/elcafedepipa.com\/index.php\/wp-json\/wp\/v2\/users\/2"}],"replies":[{"embeddable":true,"href":"https:\/\/elcafedepipa.com\/index.php\/wp-json\/wp\/v2\/comments?post=11420"}],"version-history":[{"count":0,"href":"https:\/\/elcafedepipa.com\/index.php\/wp-json\/wp\/v2\/posts\/11420\/revisions"}],"wp:featuredmedia":[{"embeddable":true,"href":"https:\/\/elcafedepipa.com\/index.php\/wp-json\/wp\/v2\/media\/11422"}],"wp:attachment":[{"href":"https:\/\/elcafedepipa.com\/index.php\/wp-json\/wp\/v2\/media?parent=11420"}],"wp:term":[{"taxonomy":"category","embeddable":true,"href":"https:\/\/elcafedepipa.com\/index.php\/wp-json\/wp\/v2\/categories?post=11420"},{"taxonomy":"post_tag","embeddable":true,"href":"https:\/\/elcafedepipa.com\/index.php\/wp-json\/wp\/v2\/tags?post=11420"}],"curies":[{"name":"wp","href":"https:\/\/api.w.org\/{rel}","templated":true}]}}