{"id":11306,"date":"2025-03-02T23:06:21","date_gmt":"2025-03-02T22:06:21","guid":{"rendered":"https:\/\/elcafedepipa.com\/?p=11306"},"modified":"2025-03-02T23:06:22","modified_gmt":"2025-03-02T22:06:22","slug":"dos-persones-perden-la-vida-en-un-accident-en-la-n-225-en-el-terme-de-la-vall-duixo","status":"publish","type":"post","link":"https:\/\/elcafedepipa.com\/index.php\/2025\/03\/02\/dos-persones-perden-la-vida-en-un-accident-en-la-n-225-en-el-terme-de-la-vall-duixo\/","title":{"rendered":"Dos persones perden la vida en un accident en la N-225 en el terme de la Vall d&#8217;Uix\u00f3"},"content":{"rendered":"\n<p>Dues persones mortes i sis ferits en un accident de tr\u00e0nsit que s&#8217;ha produ\u00eft aquesta nit a la N-225, en el terme de la Vall d&#8217;Uix\u00f3 al colisionar una furgoneta i un turisme.<\/p>\n\n\n\n<p>El sinistre s&#8217;hauria produ\u00eft  arran d&#8217;una col\u00b7lisi\u00f3 entre dos vehicles, una furgoneta i un turisme. La for\u00e7a de l&#8217;impacte ha deixat diversos ocupants atrapats al seu interior. El Consorci Provincial de Bombers de Castell\u00f3 ha desplegat dues dotacions del parc de la Plana Baixa per intervenir en el sinistre i fer les tasques d&#8217;excarceraci\u00f3. El CICU ha mobilitzat tres unitats del SAMU, dues de SVB i una de SVA d&#8217;Infermeria.<\/p>\n\n\n\n<p>Els serveis m\u00e8dics han confirmat la mort de dues persones i sis m\u00e9s estan sent traslladades a les diferents ambul\u00e0ncies a diferents hospitals de les prov\u00edncies de Castell\u00f3 i de Val\u00e8ncia.<\/p>\n\n\n\n<p><\/p>\n","protected":false},"excerpt":{"rendered":"<p>Dues persones mortes i sis ferits en un accident de tr\u00e0nsit que s&#8217;ha produ\u00eft aquesta nit a la N-225, en el terme de la Vall d&#8217;Uix\u00f3 al colisionar una furgoneta i un turisme. El sinistre s&#8217;hauria produ\u00eft arran d&#8217;una col\u00b7lisi\u00f3 entre dos vehicles, una furgoneta i un turisme. La for\u00e7a de l&#8217;impacte ha deixat diversos &#8230; <a title=\"Dos persones perden la vida en un accident en la N-225 en el terme de la Vall d&#8217;Uix\u00f3\" class=\"read-more\" href=\"https:\/\/elcafedepipa.com\/index.php\/2025\/03\/02\/dos-persones-perden-la-vida-en-un-accident-en-la-n-225-en-el-terme-de-la-vall-duixo\/\" aria-label=\"M\u00e9s informaci\u00f3 sobre Dos persones perden la vida en un accident en la N-225 en el terme de la Vall d&#8217;Uix\u00f3\">Read more<\/a><\/p>\n","protected":false},"author":2,"featured_media":11307,"comment_status":"closed","ping_status":"closed","sticky":false,"template":"","format":"standard","meta":{"om_disable_all_campaigns":false,"_monsterinsights_skip_tracking":false,"_monsterinsights_sitenote_active":false,"_monsterinsights_sitenote_note":"","_monsterinsights_sitenote_category":0,"_uf_show_specific_survey":0,"_uf_disable_surveys":false,"footnotes":""},"categories":[1],"tags":[],"class_list":["post-11306","post","type-post","status-publish","format-standard","has-post-thumbnail","hentry","category-non-classe"],"_links":{"self":[{"href":"https:\/\/elcafedepipa.com\/index.php\/wp-json\/wp\/v2\/posts\/11306","targetHints":{"allow":["GET"]}}],"collection":[{"href":"https:\/\/elcafedepipa.com\/index.php\/wp-json\/wp\/v2\/posts"}],"about":[{"href":"https:\/\/elcafedepipa.com\/index.php\/wp-json\/wp\/v2\/types\/post"}],"author":[{"embeddable":true,"href":"https:\/\/elcafedepipa.com\/index.php\/wp-json\/wp\/v2\/users\/2"}],"replies":[{"embeddable":true,"href":"https:\/\/elcafedepipa.com\/index.php\/wp-json\/wp\/v2\/comments?post=11306"}],"version-history":[{"count":0,"href":"https:\/\/elcafedepipa.com\/index.php\/wp-json\/wp\/v2\/posts\/11306\/revisions"}],"wp:featuredmedia":[{"embeddable":true,"href":"https:\/\/elcafedepipa.com\/index.php\/wp-json\/wp\/v2\/media\/11307"}],"wp:attachment":[{"href":"https:\/\/elcafedepipa.com\/index.php\/wp-json\/wp\/v2\/media?parent=11306"}],"wp:term":[{"taxonomy":"category","embeddable":true,"href":"https:\/\/elcafedepipa.com\/index.php\/wp-json\/wp\/v2\/categories?post=11306"},{"taxonomy":"post_tag","embeddable":true,"href":"https:\/\/elcafedepipa.com\/index.php\/wp-json\/wp\/v2\/tags?post=11306"}],"curies":[{"name":"wp","href":"https:\/\/api.w.org\/{rel}","templated":true}]}}