{"id":11299,"date":"2025-03-02T22:42:00","date_gmt":"2025-03-02T21:42:00","guid":{"rendered":"https:\/\/elcafedepipa.com\/?p=11299"},"modified":"2025-03-02T22:42:01","modified_gmt":"2025-03-02T21:42:01","slug":"els-blanc-i-blaus-no-saben-puntuar-en-alacant-torrellano-4-ude-1","status":"publish","type":"post","link":"https:\/\/elcafedepipa.com\/index.php\/2025\/03\/02\/els-blanc-i-blaus-no-saben-puntuar-en-alacant-torrellano-4-ude-1\/","title":{"rendered":"Els blanc-i-blaus no saben puntuar en Alacant. Torrellano 4-UDE 1."},"content":{"rendered":"\n<p>No li prova a la UDE despla\u00e7ar-se aquesta temporada fins a la prov\u00edncia d&#8217;Alacant, i el viatge a Elx de hui diumenge per a jugar contra el Torrellano no ha sigut una excepci\u00f3. A la UDE li va costar molt entrar al partit i quan va entrar ja tenia un desavantatge al marcador de dos gols.<\/p>\n\n\n\n<p>Al Torrellano li valia nom\u00e9s en aprofitar-se de les imprecisions de la defensa vallera per a obtindre un c\u00f2mode 2-0 quasi que sense esperar-lo. La UDE semblava noquejada i contra les cordes, per\u00f2 si alguna cosa caracteritza a l&#8217;equip de Jos\u00e9 Manuel Descalzo \u00e9s que sempre se sobreposa a les adversitats per moltes i variades que siguen.<\/p>\n\n\n\n<p>I aix\u00ed, al minut al minut 25, va retallar dist\u00e0ncies al marcador gr\u00e0cies a un gol de Guill\u00e9n a la sortida d&#8217;un c\u00f3rner.<\/p>\n\n\n\n<p>D&#8217;ah\u00ed fins al descans van arribar els millors minuts de la UDE en el partit. Possessions llargues amb el clar objectiu de fer mal amb pilota al seu rival. Cervera va tindre la m\u00e9s clara, en una gran jugada individual que va culminar amb un potent xut que va aturar <em>in extremis<\/em> el porter local.<\/p>\n\n\n\n<p>Quan m\u00e9s pressionava la UDE i semblava que l&#8217;empat era q\u00fcesti\u00f3 de temps, ja amb el 45 complert, A\u00f1\u00f3 veia a inst\u00e0ncies del segon \u00e0rbitre assistent (potser amb un afany de protagonisme excessiu) la cartolina roja directa per una jugada absurda alhora que evitable i innecess\u00e0ria.<\/p>\n\n\n\n<p>Quedaven els blanc-i-blaus amb un home menys amb 45 minuts per davant i aix\u00f2 ja va suposar una llosa molt gran per als de Descalzo.<\/p>\n\n\n\n<p>Ja en la segona part la UDE ho va intentar per\u00f2 amb m\u00e9s cor que cap, i amb inferioritat num\u00e8rica li va tocar anar darrere de la pilota davant un Torrellano que encara que, sense grans ostentacions, va ser superior en la segona meitat.<\/p>\n\n\n\n<p>A l&#8217;equador del segon acte el Torrellano aconseguia el 3-1 en una acci\u00f3 molt protestada pels jugadors visitants que van reclamar amb molta insist\u00e8ncia fora de joc.<\/p>\n\n\n\n<p>El partit se li posava encara m\u00e9s complicat als de la Vall d&#8217;Uix\u00f3 al quedar-se nom\u00e9s amb 9 homes despr\u00e9s de l&#8217;expulsi\u00f3 de Mario Ferrer, i ja en el descompte i amb tot decidit els locals aconseguien el definitiu 4-1 en una r\u00e0pida acci\u00f3 de contraatac. En definitiva, altre partit accidentat per oblidar i all\u00f2 millor \u00e9s que una volta finalitzada la jornada 24, els blanc-i-blaus se situen en una c\u00f2moda setena posici\u00f3, 9 punts per sobre de la zona de descens.<\/p>\n\n\n\n<p>Diumenge que ve a partir de les 17.00 hores,  una nova cita al Jos\u00e9 Mangri\u00f1\u00e1n davant el CD Castell\u00f3 \u2018B\u2019, en el que ser\u00e0 un atractiu i emocionant derbi provincial.<\/p>\n\n\n\n<p><\/p>\n","protected":false},"excerpt":{"rendered":"<p>No li prova a la UDE despla\u00e7ar-se aquesta temporada fins a la prov\u00edncia d&#8217;Alacant, i el viatge a Elx de hui diumenge per a jugar contra el Torrellano no ha sigut una excepci\u00f3. A la UDE li va costar molt entrar al partit i quan va entrar ja tenia un desavantatge al marcador de dos &#8230; <a title=\"Els blanc-i-blaus no saben puntuar en Alacant. Torrellano 4-UDE 1.\" class=\"read-more\" href=\"https:\/\/elcafedepipa.com\/index.php\/2025\/03\/02\/els-blanc-i-blaus-no-saben-puntuar-en-alacant-torrellano-4-ude-1\/\" aria-label=\"M\u00e9s informaci\u00f3 sobre Els blanc-i-blaus no saben puntuar en Alacant. Torrellano 4-UDE 1.\">Read more<\/a><\/p>\n","protected":false},"author":2,"featured_media":11302,"comment_status":"closed","ping_status":"closed","sticky":false,"template":"","format":"standard","meta":{"om_disable_all_campaigns":false,"_monsterinsights_skip_tracking":false,"_monsterinsights_sitenote_active":false,"_monsterinsights_sitenote_note":"","_monsterinsights_sitenote_category":0,"_uf_show_specific_survey":0,"_uf_disable_surveys":false,"footnotes":""},"categories":[1],"tags":[],"class_list":["post-11299","post","type-post","status-publish","format-standard","has-post-thumbnail","hentry","category-non-classe"],"_links":{"self":[{"href":"https:\/\/elcafedepipa.com\/index.php\/wp-json\/wp\/v2\/posts\/11299","targetHints":{"allow":["GET"]}}],"collection":[{"href":"https:\/\/elcafedepipa.com\/index.php\/wp-json\/wp\/v2\/posts"}],"about":[{"href":"https:\/\/elcafedepipa.com\/index.php\/wp-json\/wp\/v2\/types\/post"}],"author":[{"embeddable":true,"href":"https:\/\/elcafedepipa.com\/index.php\/wp-json\/wp\/v2\/users\/2"}],"replies":[{"embeddable":true,"href":"https:\/\/elcafedepipa.com\/index.php\/wp-json\/wp\/v2\/comments?post=11299"}],"version-history":[{"count":0,"href":"https:\/\/elcafedepipa.com\/index.php\/wp-json\/wp\/v2\/posts\/11299\/revisions"}],"wp:featuredmedia":[{"embeddable":true,"href":"https:\/\/elcafedepipa.com\/index.php\/wp-json\/wp\/v2\/media\/11302"}],"wp:attachment":[{"href":"https:\/\/elcafedepipa.com\/index.php\/wp-json\/wp\/v2\/media?parent=11299"}],"wp:term":[{"taxonomy":"category","embeddable":true,"href":"https:\/\/elcafedepipa.com\/index.php\/wp-json\/wp\/v2\/categories?post=11299"},{"taxonomy":"post_tag","embeddable":true,"href":"https:\/\/elcafedepipa.com\/index.php\/wp-json\/wp\/v2\/tags?post=11299"}],"curies":[{"name":"wp","href":"https:\/\/api.w.org\/{rel}","templated":true}]}}