{"id":11292,"date":"2025-03-02T22:23:35","date_gmt":"2025-03-02T21:23:35","guid":{"rendered":"https:\/\/elcafedepipa.com\/?p=11292"},"modified":"2025-03-02T22:23:36","modified_gmt":"2025-03-02T21:23:36","slug":"samuel-falomir-revalida-el-lideratge-del-pspv-psoe-de-castello-i-promet-deixar-se-la-pell-per-a-recuperar-en-2027-les-alcaldies-la-diputacio-i-la-generalitat","status":"publish","type":"post","link":"https:\/\/elcafedepipa.com\/index.php\/2025\/03\/02\/samuel-falomir-revalida-el-lideratge-del-pspv-psoe-de-castello-i-promet-deixar-se-la-pell-per-a-recuperar-en-2027-les-alcaldies-la-diputacio-i-la-generalitat\/","title":{"rendered":"Samuel Falomir revalida el lideratge del PSPV-PSOE de Castell\u00f3 i promet \u201cdeixar-se la pell\u201d per a recuperar en 2027 les alcaldies, la Diputaci\u00f3 i la Generalitat"},"content":{"rendered":"\n<p>Samuel Falomir ha revalidat aquesta diumenge el seu lideratge al capdavant del PSPV-PSOE de la prov\u00edncia de Castell\u00f3 amb un ampli suport de la milit\u00e0ncia socialista. Falomir ha obtingut 824 vots, el que suposa un 64% del total de sufragis comptabilitzats, mentre que la candidatura d&#8217;Isabel Albalat n\u2019ha reunit 450, el que representa un 34% del total. 11 s\u2019han decantat pel blanc i se n\u2019han detectat dos nuls. La participaci\u00f3 ha assolit el 70% de la milit\u00e0ncia, en una jornada que s\u2019ha desenvolupat sense cap incident.<\/p>\n\n\n\n<p>En el seu discurs d&#8217;acceptaci\u00f3, Falomir ha afirmat que, \u201cara, totes i tots som un i el nostre principal objectiu \u00e9s treballar sense descans per a recuperar terreny institucional\u201d. \u201cEn 2027 anem a recuperar les alcaldies, la Diputaci\u00f3 de Castell\u00f3 i la Generalitat perqu\u00e8 \u00e9s el que vol la gent, passar r\u00e0pidament p\u00e0gina, que governen els socialistes i que aquest par\u00e8ntesi de governs de dretes es quede com un malson\u201d. \u201cTreballarem colze a colze amb l\u2019equip de Diana Morant per a sumar sin\u00e8rgies que facen possible el canvi i tinguem, m\u00e9s prompte que mai, la primera presidenta al capdavant del Consell\u201d.<\/p>\n\n\n\n<p>\u201cSom el partit de la responsabilitat, dels drets i les llibertats i hui ho hem tornat a demostrar votant el futur del nostre partit i de la nostra gent. El PSPV-PSOE \u00e9s la nostra via per a millorar la vida de les persones i, despr\u00e9s de hui, ho fem m\u00e9s units que mai, teixint un partit que \u00e9s m\u00e9s fort quan totes i tots treballem junts\u201d.<\/p>\n\n\n\n<p>L\u2019alcalde de l\u2019Alcora, que ha guanyat en les cinc comarques org\u00e0niques del partit, ha assegurat que \u201cdem\u00e0 mateix comen\u00e7arem a enllestir el que ser\u00e0 la futura direcci\u00f3 del partit i vos promet que ens deixarem la pell per a estar a l&#8217;altura del moment. No anem a abaixar la gu\u00e0rdia davant unes dretes que ens volen dividits i enfrontats i que divideixen entre ciutadans de primera i de segona\u201d. \u201cTenim els millors equips\u201d.<\/p>\n\n\n\n<p>El dirigent socialista ha tingut tamb\u00e9 paraules d&#8217;agra\u00efment per a tota la milit\u00e0ncia que ha participat en el proc\u00e9s, independentment de la seua opci\u00f3 de vot. \u201cHaja votat una o una altra candidatura, cada company i companya ha sumat i aportat propostes perqu\u00e8 aquest projecte siga guanyador. S\u00f3n el millor que tenim el partit\u201d.<\/p>\n\n\n\n<p>Una volta confirmada la reelecci\u00f3 de Falomir, el PSPV-PSOE de Castell\u00f3 inicia ara la segona fase del seu proc\u00e9s intern. En les pr\u00f2ximes setmanes es convocaran els \u00f2rgans per a l&#8217;elecci\u00f3 de les persones delegades que participaran en el V Congr\u00e9s Provincial, que tindr\u00e0 lloc el dissabte 5 d&#8217;abril a Segorbe. Ser\u00e0 en aquest escenari on es proclamar\u00e0 oficialment Falomir com a secretari general i es donar\u00e0 a con\u00e9ixer la nova Executiva Provincial que dirigir\u00e0 el partit en els propers quatre anys.<\/p>\n\n\n\n<figure class=\"wp-block-image size-large\"><img fetchpriority=\"high\" decoding=\"async\" width=\"1024\" height=\"683\" src=\"https:\/\/elcafedepipa.com\/wp-content\/uploads\/2025\/03\/Primaries-1-1-1024x683.jpeg\" alt=\"\" class=\"wp-image-11297\" srcset=\"https:\/\/elcafedepipa.com\/wp-content\/uploads\/2025\/03\/Primaries-1-1-1024x683.jpeg 1024w, https:\/\/elcafedepipa.com\/wp-content\/uploads\/2025\/03\/Primaries-1-1-300x200.jpeg 300w, https:\/\/elcafedepipa.com\/wp-content\/uploads\/2025\/03\/Primaries-1-1-768x512.jpeg 768w, https:\/\/elcafedepipa.com\/wp-content\/uploads\/2025\/03\/Primaries-1-1-1536x1024.jpeg 1536w, https:\/\/elcafedepipa.com\/wp-content\/uploads\/2025\/03\/Primaries-1-1-2048x1365.jpeg 2048w\" sizes=\"(max-width: 1024px) 100vw, 1024px\" \/><\/figure>\n","protected":false},"excerpt":{"rendered":"<p>Samuel Falomir ha revalidat aquesta diumenge el seu lideratge al capdavant del PSPV-PSOE de la prov\u00edncia de Castell\u00f3 amb un ampli suport de la milit\u00e0ncia socialista. Falomir ha obtingut 824 vots, el que suposa un 64% del total de sufragis comptabilitzats, mentre que la candidatura d&#8217;Isabel Albalat n\u2019ha reunit 450, el que representa un 34% &#8230; <a title=\"Samuel Falomir revalida el lideratge del PSPV-PSOE de Castell\u00f3 i promet \u201cdeixar-se la pell\u201d per a recuperar en 2027 les alcaldies, la Diputaci\u00f3 i la Generalitat\" class=\"read-more\" href=\"https:\/\/elcafedepipa.com\/index.php\/2025\/03\/02\/samuel-falomir-revalida-el-lideratge-del-pspv-psoe-de-castello-i-promet-deixar-se-la-pell-per-a-recuperar-en-2027-les-alcaldies-la-diputacio-i-la-generalitat\/\" aria-label=\"M\u00e9s informaci\u00f3 sobre Samuel Falomir revalida el lideratge del PSPV-PSOE de Castell\u00f3 i promet \u201cdeixar-se la pell\u201d per a recuperar en 2027 les alcaldies, la Diputaci\u00f3 i la Generalitat\">Read more<\/a><\/p>\n","protected":false},"author":2,"featured_media":11296,"comment_status":"closed","ping_status":"closed","sticky":false,"template":"","format":"standard","meta":{"om_disable_all_campaigns":false,"_monsterinsights_skip_tracking":false,"_monsterinsights_sitenote_active":false,"_monsterinsights_sitenote_note":"","_monsterinsights_sitenote_category":0,"_uf_show_specific_survey":0,"_uf_disable_surveys":false,"footnotes":""},"categories":[10],"tags":[],"class_list":["post-11292","post","type-post","status-publish","format-standard","has-post-thumbnail","hentry","category-provinciadecastello"],"_links":{"self":[{"href":"https:\/\/elcafedepipa.com\/index.php\/wp-json\/wp\/v2\/posts\/11292","targetHints":{"allow":["GET"]}}],"collection":[{"href":"https:\/\/elcafedepipa.com\/index.php\/wp-json\/wp\/v2\/posts"}],"about":[{"href":"https:\/\/elcafedepipa.com\/index.php\/wp-json\/wp\/v2\/types\/post"}],"author":[{"embeddable":true,"href":"https:\/\/elcafedepipa.com\/index.php\/wp-json\/wp\/v2\/users\/2"}],"replies":[{"embeddable":true,"href":"https:\/\/elcafedepipa.com\/index.php\/wp-json\/wp\/v2\/comments?post=11292"}],"version-history":[{"count":0,"href":"https:\/\/elcafedepipa.com\/index.php\/wp-json\/wp\/v2\/posts\/11292\/revisions"}],"wp:featuredmedia":[{"embeddable":true,"href":"https:\/\/elcafedepipa.com\/index.php\/wp-json\/wp\/v2\/media\/11296"}],"wp:attachment":[{"href":"https:\/\/elcafedepipa.com\/index.php\/wp-json\/wp\/v2\/media?parent=11292"}],"wp:term":[{"taxonomy":"category","embeddable":true,"href":"https:\/\/elcafedepipa.com\/index.php\/wp-json\/wp\/v2\/categories?post=11292"},{"taxonomy":"post_tag","embeddable":true,"href":"https:\/\/elcafedepipa.com\/index.php\/wp-json\/wp\/v2\/tags?post=11292"}],"curies":[{"name":"wp","href":"https:\/\/api.w.org\/{rel}","templated":true}]}}