{"id":11245,"date":"2025-02-27T14:57:08","date_gmt":"2025-02-27T13:57:08","guid":{"rendered":"https:\/\/elcafedepipa.com\/?p=11245"},"modified":"2025-02-27T14:57:09","modified_gmt":"2025-02-27T13:57:09","slug":"moncofa-obri-les-inscripcions-per-a-lescoleta-de-pasqua-i-impulsa-lesportiva-i-la-cientifica","status":"publish","type":"post","link":"https:\/\/elcafedepipa.com\/index.php\/2025\/02\/27\/moncofa-obri-les-inscripcions-per-a-lescoleta-de-pasqua-i-impulsa-lesportiva-i-la-cientifica\/","title":{"rendered":"Moncofa obri les inscripcions per a l\u2019Escoleta de Pasqua i impulsa l\u2019esportiva i la cient\u00edfica \u00a0"},"content":{"rendered":"\n<p><strong>La localitat ha obert el termini per a apuntar-se a una nova edici\u00f3 d\u2019este servici que tindr\u00e0 lloc del 22 al 25 d\u2019abril en el CEIP Cient\u00edfic Avel\u00b7l\u00ed<\/strong><strong> <\/strong><strong>Corma<\/strong><\/p>\n\n\n\n<p>L&#8217;Ajuntament de Moncofa ha obert el termini d&#8217;inscripci\u00f3 per a una nova edici\u00f3 de l\u2019Escoleta de Pasqua, un servici que tindr\u00e0 lloc els dies 22, 23, 24 i 25 d&#8217;abril en el CEIP Cient\u00edfic Avel\u00b7l\u00ed Corma. El programa, dirigit a xiquets i xiquetes que han nascut entre 2013 i 2021, oferix una alternativa l\u00fadica i educativa durant les vacacions escolars per un preu de 20 euros per participant.<\/p>\n\n\n\n<p>Les fam\u00edlies interessades poden realitzar la inscripci\u00f3 fins al 10 de mar\u00e7 a trav\u00e9s de la web de l&#8217;Ajuntament. El llistat d&#8217;admissi\u00f3 es publicar\u00e0 el 17 de mar\u00e7 en \u2018MoncofaConnecta\u2019, i el per\u00edode de matr\u00edcula i abonaments s&#8217;estendr\u00e0 del 24 de mar\u00e7 al 4 d&#8217;abril i es pot realitzar tant de manera electr\u00f2nica com presencialment en l&#8217;Oficina d&#8217;Atenci\u00f3 Ciutadana (OAC). L&#8217;horari de l\u2019Escoleta ser\u00e0 de 9.00 a 13.00 hores, amb servici d&#8217;acolliment des de les 8.00.<\/p>\n\n\n\n<p>Cal destacar que enguany l&#8217;Ajuntament oferir\u00e0 dos iniciatives m\u00e9s: l\u2019Escoleta esportiva, que tindr\u00e0 lloc en el poliesportiu municipal i comptar\u00e0 amb activitats f\u00edsiques i esportives, i l\u2019Escoleta tecnol\u00f2gica, en la qual l&#8217;alumnat podr\u00e0 participar en tallers de rob\u00f2tica i programaci\u00f3.<\/p>\n\n\n\n<p>La regidora d&#8217;Educaci\u00f3, Arancha Igual, ha assenyalat que \u201cvolem oferir a les fam\u00edlies diferents opcions de conciliaci\u00f3 de qualitat durant les vacacions escolars\u201d i amb este servici \u201ccontinuem apostant per un model educatiu que combina aprenentatge i diversi\u00f3, ampliant l&#8217;oferta perqu\u00e8 els xiquets i xiquetes de Moncofa puguen gaudir d&#8217;activitats adaptades als seus interessos\u201d.<\/p>\n\n\n\n<p>Les fam\u00edlies interessades a rebre m\u00e9s informaci\u00f3 sobre les diferents \u2018escoletes\u2019 poden contactar a trav\u00e9s del tel\u00e8fon 650 081 996 o al correu electr\u00f2nic joventut@moncofa.com .<\/p>\n","protected":false},"excerpt":{"rendered":"<p>La localitat ha obert el termini per a apuntar-se a una nova edici\u00f3 d\u2019este servici que tindr\u00e0 lloc del 22 al 25 d\u2019abril en el CEIP Cient\u00edfic Avel\u00b7l\u00ed Corma L&#8217;Ajuntament de Moncofa ha obert el termini d&#8217;inscripci\u00f3 per a una nova edici\u00f3 de l\u2019Escoleta de Pasqua, un servici que tindr\u00e0 lloc els dies 22, 23, &#8230; <a title=\"Moncofa obri les inscripcions per a l\u2019Escoleta de Pasqua i impulsa l\u2019esportiva i la cient\u00edfica \u00a0\" class=\"read-more\" href=\"https:\/\/elcafedepipa.com\/index.php\/2025\/02\/27\/moncofa-obri-les-inscripcions-per-a-lescoleta-de-pasqua-i-impulsa-lesportiva-i-la-cientifica\/\" aria-label=\"M\u00e9s informaci\u00f3 sobre Moncofa obri les inscripcions per a l\u2019Escoleta de Pasqua i impulsa l\u2019esportiva i la cient\u00edfica \u00a0\">Read more<\/a><\/p>\n","protected":false},"author":2,"featured_media":11247,"comment_status":"closed","ping_status":"closed","sticky":false,"template":"","format":"standard","meta":{"om_disable_all_campaigns":false,"_monsterinsights_skip_tracking":false,"_monsterinsights_sitenote_active":false,"_monsterinsights_sitenote_note":"","_monsterinsights_sitenote_category":0,"_uf_show_specific_survey":0,"_uf_disable_surveys":false,"footnotes":""},"categories":[4],"tags":[],"class_list":["post-11245","post","type-post","status-publish","format-standard","has-post-thumbnail","hentry","category-moncofa"],"_links":{"self":[{"href":"https:\/\/elcafedepipa.com\/index.php\/wp-json\/wp\/v2\/posts\/11245","targetHints":{"allow":["GET"]}}],"collection":[{"href":"https:\/\/elcafedepipa.com\/index.php\/wp-json\/wp\/v2\/posts"}],"about":[{"href":"https:\/\/elcafedepipa.com\/index.php\/wp-json\/wp\/v2\/types\/post"}],"author":[{"embeddable":true,"href":"https:\/\/elcafedepipa.com\/index.php\/wp-json\/wp\/v2\/users\/2"}],"replies":[{"embeddable":true,"href":"https:\/\/elcafedepipa.com\/index.php\/wp-json\/wp\/v2\/comments?post=11245"}],"version-history":[{"count":0,"href":"https:\/\/elcafedepipa.com\/index.php\/wp-json\/wp\/v2\/posts\/11245\/revisions"}],"wp:featuredmedia":[{"embeddable":true,"href":"https:\/\/elcafedepipa.com\/index.php\/wp-json\/wp\/v2\/media\/11247"}],"wp:attachment":[{"href":"https:\/\/elcafedepipa.com\/index.php\/wp-json\/wp\/v2\/media?parent=11245"}],"wp:term":[{"taxonomy":"category","embeddable":true,"href":"https:\/\/elcafedepipa.com\/index.php\/wp-json\/wp\/v2\/categories?post=11245"},{"taxonomy":"post_tag","embeddable":true,"href":"https:\/\/elcafedepipa.com\/index.php\/wp-json\/wp\/v2\/tags?post=11245"}],"curies":[{"name":"wp","href":"https:\/\/api.w.org\/{rel}","templated":true}]}}