{"id":11230,"date":"2025-02-27T10:00:00","date_gmt":"2025-02-27T09:00:00","guid":{"rendered":"https:\/\/elcafedepipa.com\/?p=11230"},"modified":"2025-02-26T22:01:31","modified_gmt":"2025-02-26T21:01:31","slug":"adsuara-pp-compartix-amb-el-consell-la-urgent-proteccio-de-nules-enfront-de-les-inundacions-i-reivindica-la-defensa-de-les-vivendes-del-litoral","status":"publish","type":"post","link":"https:\/\/elcafedepipa.com\/index.php\/2025\/02\/27\/adsuara-pp-compartix-amb-el-consell-la-urgent-proteccio-de-nules-enfront-de-les-inundacions-i-reivindica-la-defensa-de-les-vivendes-del-litoral\/","title":{"rendered":"Adsuara (PP) compartix amb el Consell la urgent protecci\u00f3 de Nules enfront de les inundacions i reivindica la defensa de les vivendes del litoral"},"content":{"rendered":"\n<p>El portaveu del PP a Nules, Jos\u00e9 Adsuara, ha traslladat al conseller de Medi Ambient, Vicente Mart\u00ednez Mus, \u201cles prioritats de Nules amb l&#8217;objectiu de protegir el meu poble enfront de la des\u00eddia\u201d.<\/p>\n\n\n\n<p>Ho ha fet exigint de manera clara el compliment de les obligacions del Govern d&#8217;Espanya que, a trav\u00e9s de la Confederaci\u00f3 Hidrogr\u00e0fica del X\u00faquer (CHJ), \u201cseguix sense assumir les seues compet\u00e8ncies\u201d. La canalitzaci\u00f3 del barranc Juan de Mora \u201c\u00e9s una obra necess\u00e0ria. Ho era fa anys i ho continua sent ara en grau m\u00e9s alt. Ha d&#8217;actuar-se com m\u00e9s prompte millor per a evitar lamentar danys\u201d.<\/p>\n\n\n\n<p>Tal com ha relatat Adsuara, que tamb\u00e9 \u00e9s president del PP a Nules, \u201cla CHJ \u00e9s l&#8217;\u00fanica competent a l&#8217;hora d&#8217;actuar en el barranc. I en 2025 seguim sense que complisca la seua obligaci\u00f3 de canalitzar este llit. A qu\u00e8 esperen?\u201d, s&#8217;ha preguntat el portaveu del PP. \u201cNo volem lamentar danys, volem que es complisca all\u00f2 a qu\u00e8 est\u00e0 obligat el Govern d&#8217;Espanya\u201d.<\/p>\n\n\n\n<p>A este aband\u00f3 \u201cse suma la indol\u00e8ncia de l&#8217;Ajuntament de Nules. Estan obligats a garantir la conservaci\u00f3 i el manteniment de la nostra localitat, realitzar neteges i adequaci\u00f3 de s\u00e9quies, canals, la zona de la Marjaleria&#8230; Tot perqu\u00e8 en un hipot\u00e8tic episodi de fortes pluges s&#8217;eviten obstruccions que poden resultar fatals\u201d. I at\u00e9s que \u201cNules es troba en una zona inundable, no podem actuar com si esta circumst\u00e0ncia no fora clau\u201d, ha manifestat.<\/p>\n\n\n\n<p>\u201cLamentablement\u201d, tal com ha considerat Adsuara, \u201cno es fa res malgrat que de manera peri\u00f2dica demanem que es desenrotllen plans integrals que permeten un control peri\u00f2dic i constant\u201d. \u201cNo \u00e9s gens extraordinari, es tracta nom\u00e9s de complir amb l&#8217;obligaci\u00f3 que a nivell municipal tenen els qui governen\u201d. \u201cContinuarem exigint-ho pel b\u00e9 del nostre municipi\u201d, ha explicat el regidor del PP.<\/p>\n\n\n\n<p><strong>Defendre la costa<\/strong><\/p>\n\n\n\n<p>El PP de Nules ha def\u00e9s tamb\u00e9 davant el conseller la soluci\u00f3 a la regressi\u00f3 de la costes que en la nostra localitat \u201cafecta especialment a un conjunt de vivendes hist\u00f2riques sense que s&#8217;albire cap soluci\u00f3\u201d. \u201cEstem trobant un bloqueig des del Govern d&#8217;Espanya, en la Mesa del Congr\u00e9s, que ens nega la modificaci\u00f3 de la llei de costes que es va aprovar al Senat\u201d.<\/p>\n\n\n\n<p>Per\u00f2, \u201cafortunadament, en el Consell hi ha una altra visi\u00f3 sobre este problema i es treballa, precisament, en l&#8217;aprovaci\u00f3 definitiva d&#8217;una llei que permeta protegir all\u00f2 que l&#8217;Executiu de Pedro S\u00e1nchez pret\u00e9n evitar\u201d. \u201cEsta iniciativa que abandera el Consell \u00e9s priorit\u00e0ria per a protegir i defendre la singularitat d&#8217;unes vivendes que s\u00f3n patrimoni de tots\u201d, ha concl\u00f2s el portaveu del PP a Nules.<\/p>\n\n\n\n<p><\/p>\n","protected":false},"excerpt":{"rendered":"<p>El portaveu del PP a Nules, Jos\u00e9 Adsuara, ha traslladat al conseller de Medi Ambient, Vicente Mart\u00ednez Mus, \u201cles prioritats de Nules amb l&#8217;objectiu de protegir el meu poble enfront de la des\u00eddia\u201d. Ho ha fet exigint de manera clara el compliment de les obligacions del Govern d&#8217;Espanya que, a trav\u00e9s de la Confederaci\u00f3 Hidrogr\u00e0fica &#8230; <a title=\"Adsuara (PP) compartix amb el Consell la urgent protecci\u00f3 de Nules enfront de les inundacions i reivindica la defensa de les vivendes del litoral\" class=\"read-more\" href=\"https:\/\/elcafedepipa.com\/index.php\/2025\/02\/27\/adsuara-pp-compartix-amb-el-consell-la-urgent-proteccio-de-nules-enfront-de-les-inundacions-i-reivindica-la-defensa-de-les-vivendes-del-litoral\/\" aria-label=\"M\u00e9s informaci\u00f3 sobre Adsuara (PP) compartix amb el Consell la urgent protecci\u00f3 de Nules enfront de les inundacions i reivindica la defensa de les vivendes del litoral\">Read more<\/a><\/p>\n","protected":false},"author":2,"featured_media":11231,"comment_status":"closed","ping_status":"closed","sticky":false,"template":"","format":"standard","meta":{"om_disable_all_campaigns":false,"_monsterinsights_skip_tracking":false,"_monsterinsights_sitenote_active":false,"_monsterinsights_sitenote_note":"","_monsterinsights_sitenote_category":0,"_uf_show_specific_survey":0,"_uf_disable_surveys":false,"footnotes":""},"categories":[3],"tags":[],"class_list":["post-11230","post","type-post","status-publish","format-standard","has-post-thumbnail","hentry","category-nules"],"_links":{"self":[{"href":"https:\/\/elcafedepipa.com\/index.php\/wp-json\/wp\/v2\/posts\/11230","targetHints":{"allow":["GET"]}}],"collection":[{"href":"https:\/\/elcafedepipa.com\/index.php\/wp-json\/wp\/v2\/posts"}],"about":[{"href":"https:\/\/elcafedepipa.com\/index.php\/wp-json\/wp\/v2\/types\/post"}],"author":[{"embeddable":true,"href":"https:\/\/elcafedepipa.com\/index.php\/wp-json\/wp\/v2\/users\/2"}],"replies":[{"embeddable":true,"href":"https:\/\/elcafedepipa.com\/index.php\/wp-json\/wp\/v2\/comments?post=11230"}],"version-history":[{"count":0,"href":"https:\/\/elcafedepipa.com\/index.php\/wp-json\/wp\/v2\/posts\/11230\/revisions"}],"wp:featuredmedia":[{"embeddable":true,"href":"https:\/\/elcafedepipa.com\/index.php\/wp-json\/wp\/v2\/media\/11231"}],"wp:attachment":[{"href":"https:\/\/elcafedepipa.com\/index.php\/wp-json\/wp\/v2\/media?parent=11230"}],"wp:term":[{"taxonomy":"category","embeddable":true,"href":"https:\/\/elcafedepipa.com\/index.php\/wp-json\/wp\/v2\/categories?post=11230"},{"taxonomy":"post_tag","embeddable":true,"href":"https:\/\/elcafedepipa.com\/index.php\/wp-json\/wp\/v2\/tags?post=11230"}],"curies":[{"name":"wp","href":"https:\/\/api.w.org\/{rel}","templated":true}]}}