{"id":11222,"date":"2025-02-27T09:00:00","date_gmt":"2025-02-27T08:00:00","guid":{"rendered":"https:\/\/elcafedepipa.com\/?p=11222"},"modified":"2025-02-26T21:43:39","modified_gmt":"2025-02-26T20:43:39","slug":"nules-sera-seu-de-la-copa-senior-femenina-autonomica-de-basquet","status":"publish","type":"post","link":"https:\/\/elcafedepipa.com\/index.php\/2025\/02\/27\/nules-sera-seu-de-la-copa-senior-femenina-autonomica-de-basquet\/","title":{"rendered":"Nules ser\u00e0 seu de la Copa S\u00e8nior Femenina auton\u00f2mica de B\u00e0squet"},"content":{"rendered":"\n<p><strong>Els partits es disputaran al pavell\u00f3 municipal dissabte i diumenge<\/strong><\/p>\n\n\n\n<p>Nules &nbsp;albergar\u00e0 aquest cap de setmana la Copa S\u00e8nior Femenina Auton\u00f2mica de b\u00e0squet, de fet hui s\u2019ha presentat a Nules el cartell anunciador en un acte que ha comptat amb la pres\u00e8ncia del regidor d\u2019Esports, Gabriel Torres, del president de la Federaci\u00f3 de B\u00e0squet de la Comunitat Valenciana, Salvador Fabregat, del delegat a Castell\u00f3 de la Federaci\u00f3 de B\u00e0squet de la Comunitat Valenciana, Ra\u00fal Blanco, i d\u2019una representaci\u00f3 del Club Taronja Basket Nules amb un dels membres de la junta directiva, Agust\u00edn Marmaneu. &nbsp;<\/p>\n\n\n\n<p>En concret, els equips que participaran en aquesta competici\u00f3 s\u00f3n Burjassot CB, Alpesa CB Tavernes, CBI Elche X Eiffage i Jovens l\u2019Eliana.<\/p>\n\n\n\n<p>Els partits es disputaran al Poliesportiu Municipal de Nules, aix\u00ed la primera jornada tindr\u00e0 lloc dissabte, 1 de mar\u00e7, i en la mateixa jugaran a les 17.00 hores el Burjassot CB i Alpesa CB Tavernes, i a les 19.00 hores tindr\u00e0 lloc el partit entre el CBI Elche X Eiffage i Jovens l\u2019Eliana.<\/p>\n\n\n\n<p>Aix\u00ed mateix, en la segona jornada que se celebrar\u00e0 diumenge, 2 de mar\u00e7, en horari de mat\u00ed es disputar\u00e0 la final entre els equips guanyadors de les semifinals jugades dissabte.<\/p>\n\n\n\n<p>Amb tot, des de la regidoria d\u2019Esports de l\u2019Ajuntament de Nules, Gabriel Torres, explica la import\u00e0ncia d\u2019aquest esdeveniment esportiu per al municipi \u201c\u00e9s una satisfacci\u00f3 que de nou la Federaci\u00f3 de B\u00e0squet de la Comunitat Valenciana confie en Nules per a albergar un campionat auton\u00f2mic, de manera que tornem a donar visibilitat a aquest esport que a Nules compta amb una gran afici\u00f3 gr\u00e0cies al treball que realitza el Club Taronja Basket Nules. Agra\u00efm a la Federaci\u00f3 de B\u00e0squet de la Comunitat Valenciana la seua implicaci\u00f3 i inter\u00e8s per a que Nules forme part d\u2019aquest campionat\u201d. &nbsp;&nbsp;<\/p>\n\n\n\n<p>Des de la Federaci\u00f3 de B\u00e0squet de la Comunitat Valenciana, el seu president, Salvador Fabregat, assenyala que \u201cen aquest campionat participaran els quatre millors equips d\u2019aquesta categoria de la Comunitat Valenciana, \u00e9s per aix\u00f2 un esdeveniment esportiu de gran rellev\u00e0ncia, i m\u00e9s tenint en compte que l\u2019equip guanyador aconsegueix una pla\u00e7a d\u2019ascens\u201d.&nbsp;<\/p>\n\n\n\n<p>Cal assenyalar, a m\u00e9s, que els partits es retransmetran en directe a trav\u00e9s&nbsp; de la nova plataforma de l\u2019Associaci\u00f3 de Federacions Esportives de la Comunitat Valenciana EsportViu, i del canal de Youtube FBCV&nbsp; amb la retransmissi\u00f3 &nbsp;d\u2019InGame Producciones, partner audiovisual de la Federaci\u00f3 de B\u00e0squet de la Comunitat Valenciana.<\/p>\n\n\n\n<p>Nules tamb\u00e9 va albergar la passada temporada la fase Final Junior Mascul\u00ed Auton\u00f2mic, i ha estat tamb\u00e9 seu del Programa de Tecnificaci\u00f3 de la Federaci\u00f3 de B\u00e0squet de la Comunitat Valenciana (FBCV). Per tant, l\u2019Ajuntament de Nules i la Federaci\u00f3 de B\u00e0squet Comunitat Valenciana compten des de fa temps amb una destacada l\u00ednia de col\u00b7laboraci\u00f3.<\/p>\n","protected":false},"excerpt":{"rendered":"<p>Els partits es disputaran al pavell\u00f3 municipal dissabte i diumenge Nules &nbsp;albergar\u00e0 aquest cap de setmana la Copa S\u00e8nior Femenina Auton\u00f2mica de b\u00e0squet, de fet hui s\u2019ha presentat a Nules el cartell anunciador en un acte que ha comptat amb la pres\u00e8ncia del regidor d\u2019Esports, Gabriel Torres, del president de la Federaci\u00f3 de B\u00e0squet de &#8230; <a title=\"Nules ser\u00e0 seu de la Copa S\u00e8nior Femenina auton\u00f2mica de B\u00e0squet\" class=\"read-more\" href=\"https:\/\/elcafedepipa.com\/index.php\/2025\/02\/27\/nules-sera-seu-de-la-copa-senior-femenina-autonomica-de-basquet\/\" aria-label=\"M\u00e9s informaci\u00f3 sobre Nules ser\u00e0 seu de la Copa S\u00e8nior Femenina auton\u00f2mica de B\u00e0squet\">Read more<\/a><\/p>\n","protected":false},"author":2,"featured_media":11225,"comment_status":"closed","ping_status":"closed","sticky":false,"template":"","format":"standard","meta":{"om_disable_all_campaigns":false,"_monsterinsights_skip_tracking":false,"_monsterinsights_sitenote_active":false,"_monsterinsights_sitenote_note":"","_monsterinsights_sitenote_category":0,"_uf_show_specific_survey":0,"_uf_disable_surveys":false,"footnotes":""},"categories":[3],"tags":[],"class_list":["post-11222","post","type-post","status-publish","format-standard","has-post-thumbnail","hentry","category-nules"],"_links":{"self":[{"href":"https:\/\/elcafedepipa.com\/index.php\/wp-json\/wp\/v2\/posts\/11222","targetHints":{"allow":["GET"]}}],"collection":[{"href":"https:\/\/elcafedepipa.com\/index.php\/wp-json\/wp\/v2\/posts"}],"about":[{"href":"https:\/\/elcafedepipa.com\/index.php\/wp-json\/wp\/v2\/types\/post"}],"author":[{"embeddable":true,"href":"https:\/\/elcafedepipa.com\/index.php\/wp-json\/wp\/v2\/users\/2"}],"replies":[{"embeddable":true,"href":"https:\/\/elcafedepipa.com\/index.php\/wp-json\/wp\/v2\/comments?post=11222"}],"version-history":[{"count":0,"href":"https:\/\/elcafedepipa.com\/index.php\/wp-json\/wp\/v2\/posts\/11222\/revisions"}],"wp:featuredmedia":[{"embeddable":true,"href":"https:\/\/elcafedepipa.com\/index.php\/wp-json\/wp\/v2\/media\/11225"}],"wp:attachment":[{"href":"https:\/\/elcafedepipa.com\/index.php\/wp-json\/wp\/v2\/media?parent=11222"}],"wp:term":[{"taxonomy":"category","embeddable":true,"href":"https:\/\/elcafedepipa.com\/index.php\/wp-json\/wp\/v2\/categories?post=11222"},{"taxonomy":"post_tag","embeddable":true,"href":"https:\/\/elcafedepipa.com\/index.php\/wp-json\/wp\/v2\/tags?post=11222"}],"curies":[{"name":"wp","href":"https:\/\/api.w.org\/{rel}","templated":true}]}}