{"id":11211,"date":"2025-02-26T14:10:53","date_gmt":"2025-02-26T13:10:53","guid":{"rendered":"https:\/\/elcafedepipa.com\/?p=11211"},"modified":"2025-02-26T14:10:54","modified_gmt":"2025-02-26T13:10:54","slug":"les-organitzacions-agraries-denuncien-que-la-conselleria-dagricultura-haja-decidit-no-sollicitar-lajuda-a-la-collita-en-verd","status":"publish","type":"post","link":"https:\/\/elcafedepipa.com\/index.php\/2025\/02\/26\/les-organitzacions-agraries-denuncien-que-la-conselleria-dagricultura-haja-decidit-no-sollicitar-lajuda-a-la-collita-en-verd\/","title":{"rendered":"Les organitzacions agr\u00e0ries denuncien que la Conselleria d&#8217;Agricultura haja decidit no sol\u00b7licitar l&#8217;ajuda a la collita en verd"},"content":{"rendered":"\n<p>Les organitzacions professionals agr\u00e0ries La Uni\u00f3 Llauradora i Ganadera, Associaci\u00f3 Valenciana d&#8217;Agricultors (AVA-ASAJA) i CCPV-COAG lamenten que la Conselleria d&#8217;Agricultura haja decidit no sol\u00b7licitar l&#8217;ajuda a la collita en verd dins la Intervenci\u00f3 Sectorial Vitivin\u00edcola del Pla Estrat\u00e8gic de la Pol\u00edtica Agr\u00edcola Comuna (PEPAC) i stabilizar el mercat del vi.<br>En aquest sentit es va remetre un escrit el 14 de gener passat a la Conselleria sol\u00b7licitant que exercira la seva opci\u00f3 d&#8217;acollir-se a aquest ajut. Tot i aix\u00f2, ha optat per no fer-ho en contra de la posici\u00f3 de tot el sector productor, sota l&#8217;argument que la collita en verd \u00e9s una mesura de car\u00e0cter excepcional i conjuntural, incompatible amb altres objectius de recuperaci\u00f3 productiva despr\u00e9s dels danys causats per la dona del mes d&#8217;octubre passat. A m\u00e9s, sost\u00e9 que mesures estructurals com la reestructuraci\u00f3 de vinya s\u00f3n m\u00e9s adequades per abordar els problemes del sector.<br>Les organitzacions agr\u00e0ries consideren aquesta decisi\u00f3 un greu error que perjudica els viticultors valencians. En primer lloc, perqu\u00e8 la producci\u00f3 de ra\u00efm de vinificaci\u00f3 a la Comunitat Valenciana no es concentra ni de bon tros de forma exclusiva a les zones afectades per la dana. En segon lloc, perqu\u00e8 la superf\u00edcie acollida a la collita en verd en les \u00faltimes convocat\u00f2ries ha estat extremadament baixa en comparaci\u00f3 amb el total de vinya de la Comunitat Valenciana: el 2023 amb prou feines es van acollir 483 hect\u00e0rees i 130 viticultors, mentre que el 2024 la xifra va ascendir a 0,15 les m\u00e9s de 57.000 hect\u00e0rees de vinya existents.<br>A m\u00e9s, el potencial productiu de la Comunitat Valenciana oscil\u00b7la entre 1,98 i 2,28 milions d&#8217;hectolitres de vi dels 36 de tot Espanya, i la collita en verd va permetre el 2024 la retirada d&#8217;aproximadament 65.000 hectolitres, un volum que no afecta significativament a la disponibilitat de vi en cellers i cooperatives, per\u00f2 s\u00ed que els ajuda a la renda a les rendes.<br>Cal assenyalar que al conjunt d&#8217;Espanya ia la Comunitat Valenciana sobra vi, principalment negre, i la verema en verd \u00e9s una mesura m\u00e9s per ajustar l&#8217;oferta i la demanda. La demanda interior a Espanya \u00e9s de menys de 10 milions d&#8217;hect\u00f2litres i les exportacions, encara que elevades, han baixat fins als 19 milions d&#8217;hect\u00f2litres, i per tant tota mesura per reduir els excedents hauria de ser aprofitada.<br>Mentre la Comunitat Valenciana renuncia a aquesta ajuda, sis comunitats aut\u00f2nomes productores m\u00e9s s\u00ed que han sabut aprofitar-la. \u00c9s el cas de Gal\u00edcia, la Rioja, el Pa\u00eds Basc, Navarra, Castella i Lle\u00f3 i M\u00farcia que han sol\u00b7licitat un total de 19,2 milions d&#8217;euros en fons per a aquesta mesura, de la qual no obstant els viticultors valencians es quedaran sense aquest suport econ\u00f2mic en un moment de crisi del sector. Cal destacar que moltes d&#8217;aquestes comunitats, amb una orientaci\u00f3 clara a la producci\u00f3 de qualitat, utilitzen la collita en verd com un instrument per millorar el valor afegit dels seus vins, regulant l&#8217;oferta i assegurant la rendibilitat de les seves explotacions.<br>Per tot aix\u00f2, LA UNI\u00d3, AVA i CCPV-COAG insten la Conselleria d&#8217;Agricultura a rectificar i sol\u00b7licitar de manera excepcional l&#8217;aplicaci\u00f3 d&#8217;aquesta mesura al Ministeri d&#8217;Agricultura, malgrat que el termini ordinari va concloure el 15 de gener.<br>\u201cNo \u00e9s de rebut ni es pot permetre que els viticultors valencians es quedin sense aquesta eina volunt\u00e0ria, per\u00f2 de suport, que els permetria afrontar amb m\u00e9s garanties la propera campanya\u201d, conclouen.<\/p>\n\n\n\n<p><\/p>\n","protected":false},"excerpt":{"rendered":"<p>Les organitzacions professionals agr\u00e0ries La Uni\u00f3 Llauradora i Ganadera, Associaci\u00f3 Valenciana d&#8217;Agricultors (AVA-ASAJA) i CCPV-COAG lamenten que la Conselleria d&#8217;Agricultura haja decidit no sol\u00b7licitar l&#8217;ajuda a la collita en verd dins la Intervenci\u00f3 Sectorial Vitivin\u00edcola del Pla Estrat\u00e8gic de la Pol\u00edtica Agr\u00edcola Comuna (PEPAC) i stabilizar el mercat del vi.En aquest sentit es va remetre &#8230; <a title=\"Les organitzacions agr\u00e0ries denuncien que la Conselleria d&#8217;Agricultura haja decidit no sol\u00b7licitar l&#8217;ajuda a la collita en verd\" class=\"read-more\" href=\"https:\/\/elcafedepipa.com\/index.php\/2025\/02\/26\/les-organitzacions-agraries-denuncien-que-la-conselleria-dagricultura-haja-decidit-no-sollicitar-lajuda-a-la-collita-en-verd\/\" aria-label=\"M\u00e9s informaci\u00f3 sobre Les organitzacions agr\u00e0ries denuncien que la Conselleria d&#8217;Agricultura haja decidit no sol\u00b7licitar l&#8217;ajuda a la collita en verd\">Read more<\/a><\/p>\n","protected":false},"author":2,"featured_media":11212,"comment_status":"closed","ping_status":"closed","sticky":false,"template":"","format":"standard","meta":{"om_disable_all_campaigns":false,"_monsterinsights_skip_tracking":false,"_monsterinsights_sitenote_active":false,"_monsterinsights_sitenote_note":"","_monsterinsights_sitenote_category":0,"_uf_show_specific_survey":0,"_uf_disable_surveys":false,"footnotes":""},"categories":[1],"tags":[],"class_list":["post-11211","post","type-post","status-publish","format-standard","has-post-thumbnail","hentry","category-non-classe"],"_links":{"self":[{"href":"https:\/\/elcafedepipa.com\/index.php\/wp-json\/wp\/v2\/posts\/11211","targetHints":{"allow":["GET"]}}],"collection":[{"href":"https:\/\/elcafedepipa.com\/index.php\/wp-json\/wp\/v2\/posts"}],"about":[{"href":"https:\/\/elcafedepipa.com\/index.php\/wp-json\/wp\/v2\/types\/post"}],"author":[{"embeddable":true,"href":"https:\/\/elcafedepipa.com\/index.php\/wp-json\/wp\/v2\/users\/2"}],"replies":[{"embeddable":true,"href":"https:\/\/elcafedepipa.com\/index.php\/wp-json\/wp\/v2\/comments?post=11211"}],"version-history":[{"count":0,"href":"https:\/\/elcafedepipa.com\/index.php\/wp-json\/wp\/v2\/posts\/11211\/revisions"}],"wp:featuredmedia":[{"embeddable":true,"href":"https:\/\/elcafedepipa.com\/index.php\/wp-json\/wp\/v2\/media\/11212"}],"wp:attachment":[{"href":"https:\/\/elcafedepipa.com\/index.php\/wp-json\/wp\/v2\/media?parent=11211"}],"wp:term":[{"taxonomy":"category","embeddable":true,"href":"https:\/\/elcafedepipa.com\/index.php\/wp-json\/wp\/v2\/categories?post=11211"},{"taxonomy":"post_tag","embeddable":true,"href":"https:\/\/elcafedepipa.com\/index.php\/wp-json\/wp\/v2\/tags?post=11211"}],"curies":[{"name":"wp","href":"https:\/\/api.w.org\/{rel}","templated":true}]}}