{"id":11183,"date":"2025-02-26T10:59:43","date_gmt":"2025-02-26T09:59:43","guid":{"rendered":"https:\/\/elcafedepipa.com\/?p=11183"},"modified":"2025-02-26T10:59:45","modified_gmt":"2025-02-26T09:59:45","slug":"nules-vol-posar-en-valor-la-cultura-i-la-musica-valencianes","status":"publish","type":"post","link":"https:\/\/elcafedepipa.com\/index.php\/2025\/02\/26\/nules-vol-posar-en-valor-la-cultura-i-la-musica-valencianes\/","title":{"rendered":"Nules vol posar en valor la cultura i la m\u00fasica valencianes"},"content":{"rendered":"\n<p><strong>Dissabte celebrar\u00e0 una jornada de cultura popular amb actuacions en directe<\/strong><\/p>\n\n\n\n<p>Nules albergar\u00e0 dissabte, 1 de mar\u00e7, una jornada de cultura popular dedicada a promocionar algunes de les tradicions valencianes.<\/p>\n\n\n\n<p>M\u00fasica o balls, entre d\u2019altres actuacions en directe, tindran lloc al llarg d\u2019aquesta jornada, \u201camb la qual es vol posar en valor la m\u00fasica i la cultura valencianes amb una programaci\u00f3 enfocada a tots els p\u00fablics, encara que hi ha una part dedicada als xiquets i les xiquetes per a apropar-los a les nostres tradicions\u201d, comenta la regidora de Proximitat, Blanca Silvestre.<\/p>\n\n\n\n<p>En aquest sentit, el mat\u00ed es dedicar\u00e0 a la realitzaci\u00f3 de diferents tallers que tindran lloc a la Pla\u00e7a Major, de fet els m\u00e9s menuts podran gaudir d\u2019un taller de cabuts, i d\u2019un altre de jota impartit pel Grup Castell\u00f3 enfocat a tots els p\u00fablics. Per altra banda, aquesta jornada servir\u00e0 tamb\u00e9 per a mostrar la cultura popular d\u2019altres comunitats, aix\u00ed doncs hi haur\u00e0 un taller de castells a c\u00e0rrec de la Colla Castellera Gan\u00e0pies de la Universitat Aut\u00f2noma de Barcelona (UAB).<\/p>\n\n\n\n<p>Per la vesprada, a la Pla\u00e7a Major tamb\u00e9 hi haur\u00e0 una actuaci\u00f3 castellera a c\u00e0rrec de la Colla Castellera Gan\u00e0pies de la Universitat Aut\u00f2noma de Barcelona (UAB); i per la nit al carrer Mercat un concert protagonitzat per \u201cMalparits\u201d, grup&nbsp; tribut a la m\u00fasica en valenci\u00e0.<\/p>\n\n\n\n<p>Cal assenyalar que, aquesta jornada organitzada per la regidoria de Proximitat de l\u2019Ajuntament de Nules compta amb la col\u00b7laboraci\u00f3 de diferents associacions locals com ara l\u2019Associaci\u00f3 Cultural la Corretjola o el Casal Popular de Nules.<\/p>\n\n\n\n<p><\/p>\n","protected":false},"excerpt":{"rendered":"<p>Dissabte celebrar\u00e0 una jornada de cultura popular amb actuacions en directe Nules albergar\u00e0 dissabte, 1 de mar\u00e7, una jornada de cultura popular dedicada a promocionar algunes de les tradicions valencianes. M\u00fasica o balls, entre d\u2019altres actuacions en directe, tindran lloc al llarg d\u2019aquesta jornada, \u201camb la qual es vol posar en valor la m\u00fasica i &#8230; <a title=\"Nules vol posar en valor la cultura i la m\u00fasica valencianes\" class=\"read-more\" href=\"https:\/\/elcafedepipa.com\/index.php\/2025\/02\/26\/nules-vol-posar-en-valor-la-cultura-i-la-musica-valencianes\/\" aria-label=\"M\u00e9s informaci\u00f3 sobre Nules vol posar en valor la cultura i la m\u00fasica valencianes\">Read more<\/a><\/p>\n","protected":false},"author":2,"featured_media":11184,"comment_status":"closed","ping_status":"closed","sticky":false,"template":"","format":"standard","meta":{"om_disable_all_campaigns":false,"_monsterinsights_skip_tracking":false,"_monsterinsights_sitenote_active":false,"_monsterinsights_sitenote_note":"","_monsterinsights_sitenote_category":0,"_uf_show_specific_survey":0,"_uf_disable_surveys":false,"footnotes":""},"categories":[3],"tags":[],"class_list":["post-11183","post","type-post","status-publish","format-standard","has-post-thumbnail","hentry","category-nules"],"_links":{"self":[{"href":"https:\/\/elcafedepipa.com\/index.php\/wp-json\/wp\/v2\/posts\/11183","targetHints":{"allow":["GET"]}}],"collection":[{"href":"https:\/\/elcafedepipa.com\/index.php\/wp-json\/wp\/v2\/posts"}],"about":[{"href":"https:\/\/elcafedepipa.com\/index.php\/wp-json\/wp\/v2\/types\/post"}],"author":[{"embeddable":true,"href":"https:\/\/elcafedepipa.com\/index.php\/wp-json\/wp\/v2\/users\/2"}],"replies":[{"embeddable":true,"href":"https:\/\/elcafedepipa.com\/index.php\/wp-json\/wp\/v2\/comments?post=11183"}],"version-history":[{"count":0,"href":"https:\/\/elcafedepipa.com\/index.php\/wp-json\/wp\/v2\/posts\/11183\/revisions"}],"wp:featuredmedia":[{"embeddable":true,"href":"https:\/\/elcafedepipa.com\/index.php\/wp-json\/wp\/v2\/media\/11184"}],"wp:attachment":[{"href":"https:\/\/elcafedepipa.com\/index.php\/wp-json\/wp\/v2\/media?parent=11183"}],"wp:term":[{"taxonomy":"category","embeddable":true,"href":"https:\/\/elcafedepipa.com\/index.php\/wp-json\/wp\/v2\/categories?post=11183"},{"taxonomy":"post_tag","embeddable":true,"href":"https:\/\/elcafedepipa.com\/index.php\/wp-json\/wp\/v2\/tags?post=11183"}],"curies":[{"name":"wp","href":"https:\/\/api.w.org\/{rel}","templated":true}]}}