{"id":11164,"date":"2025-02-25T14:06:37","date_gmt":"2025-02-25T13:06:37","guid":{"rendered":"https:\/\/elcafedepipa.com\/?p=11164"},"modified":"2025-02-25T14:06:38","modified_gmt":"2025-02-25T13:06:38","slug":"lajuntament-de-la-vall-duixo-bonifica-el-rebut-de-laigua-a-les-persones-jubilades-i-pensionistes","status":"publish","type":"post","link":"https:\/\/elcafedepipa.com\/index.php\/2025\/02\/25\/lajuntament-de-la-vall-duixo-bonifica-el-rebut-de-laigua-a-les-persones-jubilades-i-pensionistes\/","title":{"rendered":"L&#8217;Ajuntament de la Vall d\u2019Uix\u00f3 bonifica el rebut de l\u2019aigua a les persones jubilades i pensionistes"},"content":{"rendered":"\n<p><strong>Del 3 al 31 de mar\u00e7 es pot fer la sol\u00b7licitud, que permet estalviar 28 euros l&#8217;any<\/strong><\/p>\n\n\n\n<p>L&#8217;Ajuntament de la Vall d&#8217;Uix\u00f3 obre el 3 de mar\u00e7 el per\u00edode de sol\u00b7licitud de bonificaci\u00f3 de la taxa del rebut domiciliari d&#8217;aigua per a persones jubilades o pensionistes amb ingressos menors de 22.000 euros a l&#8217;any. La quantitat que s&#8217;estalviaran els beneficiaris i les benefici\u00e0ries \u00e9s de 28 euros l&#8217;any (7 euros al trimestre).<\/p>\n\n\n\n<p>Les persones interessades han de fer la sol\u00b7licitud del 3 al 31 de mar\u00e7 a la Regidoria de Sanitat, ubicada a la caseta dels mestres de l&#8217;avinguda Jaume I n\u00famero 15. Han d&#8217;aportar els originals del DNI, \u00faltim rebut domiciliari de l&#8217;aigua i la declaraci\u00f3 de la Renda de 2023 (o el justificant de la seva exempci\u00f3 en el seu cas).<\/p>\n\n\n\n<p>El regidor de Sanitat, Jorge Garc\u00eda, ha explicat que al departament hi haur\u00e0 dues persones destinades exclusivament a revisar i registrar la documentaci\u00f3. D&#8217;aquesta manera es tractar\u00e0 d&#8217;evitar aglomeracions i cues at\u00e8s que hem refor\u00e7at l&#8217;atenci\u00f3 al p\u00fablic i es pot acudir durant tot el mes de mar\u00e7.<\/p>\n\n\n\n<p><\/p>\n","protected":false},"excerpt":{"rendered":"<p>Del 3 al 31 de mar\u00e7 es pot fer la sol\u00b7licitud, que permet estalviar 28 euros l&#8217;any L&#8217;Ajuntament de la Vall d&#8217;Uix\u00f3 obre el 3 de mar\u00e7 el per\u00edode de sol\u00b7licitud de bonificaci\u00f3 de la taxa del rebut domiciliari d&#8217;aigua per a persones jubilades o pensionistes amb ingressos menors de 22.000 euros a l&#8217;any. La &#8230; <a title=\"L&#8217;Ajuntament de la Vall d\u2019Uix\u00f3 bonifica el rebut de l\u2019aigua a les persones jubilades i pensionistes\" class=\"read-more\" href=\"https:\/\/elcafedepipa.com\/index.php\/2025\/02\/25\/lajuntament-de-la-vall-duixo-bonifica-el-rebut-de-laigua-a-les-persones-jubilades-i-pensionistes\/\" aria-label=\"M\u00e9s informaci\u00f3 sobre L&#8217;Ajuntament de la Vall d\u2019Uix\u00f3 bonifica el rebut de l\u2019aigua a les persones jubilades i pensionistes\">Read more<\/a><\/p>\n","protected":false},"author":2,"featured_media":11165,"comment_status":"closed","ping_status":"closed","sticky":false,"template":"","format":"standard","meta":{"om_disable_all_campaigns":false,"_monsterinsights_skip_tracking":false,"_monsterinsights_sitenote_active":false,"_monsterinsights_sitenote_note":"","_monsterinsights_sitenote_category":0,"_uf_show_specific_survey":0,"_uf_disable_surveys":false,"footnotes":""},"categories":[1],"tags":[],"class_list":["post-11164","post","type-post","status-publish","format-standard","has-post-thumbnail","hentry","category-non-classe"],"_links":{"self":[{"href":"https:\/\/elcafedepipa.com\/index.php\/wp-json\/wp\/v2\/posts\/11164","targetHints":{"allow":["GET"]}}],"collection":[{"href":"https:\/\/elcafedepipa.com\/index.php\/wp-json\/wp\/v2\/posts"}],"about":[{"href":"https:\/\/elcafedepipa.com\/index.php\/wp-json\/wp\/v2\/types\/post"}],"author":[{"embeddable":true,"href":"https:\/\/elcafedepipa.com\/index.php\/wp-json\/wp\/v2\/users\/2"}],"replies":[{"embeddable":true,"href":"https:\/\/elcafedepipa.com\/index.php\/wp-json\/wp\/v2\/comments?post=11164"}],"version-history":[{"count":0,"href":"https:\/\/elcafedepipa.com\/index.php\/wp-json\/wp\/v2\/posts\/11164\/revisions"}],"wp:featuredmedia":[{"embeddable":true,"href":"https:\/\/elcafedepipa.com\/index.php\/wp-json\/wp\/v2\/media\/11165"}],"wp:attachment":[{"href":"https:\/\/elcafedepipa.com\/index.php\/wp-json\/wp\/v2\/media?parent=11164"}],"wp:term":[{"taxonomy":"category","embeddable":true,"href":"https:\/\/elcafedepipa.com\/index.php\/wp-json\/wp\/v2\/categories?post=11164"},{"taxonomy":"post_tag","embeddable":true,"href":"https:\/\/elcafedepipa.com\/index.php\/wp-json\/wp\/v2\/tags?post=11164"}],"curies":[{"name":"wp","href":"https:\/\/api.w.org\/{rel}","templated":true}]}}