{"id":11121,"date":"2025-02-24T13:59:09","date_gmt":"2025-02-24T12:59:09","guid":{"rendered":"https:\/\/elcafedepipa.com\/?p=11121"},"modified":"2025-02-24T13:59:10","modified_gmt":"2025-02-24T12:59:10","slug":"el-mes-de-marc-arriba-a-almenara-amb-el-carnestoltes-les-falles-els-actes-del-8m-ciclisme-i-les-visites-guiades-gratuites-als-estanys-al-castell-i-al-conjunt-memorial","status":"publish","type":"post","link":"https:\/\/elcafedepipa.com\/index.php\/2025\/02\/24\/el-mes-de-marc-arriba-a-almenara-amb-el-carnestoltes-les-falles-els-actes-del-8m-ciclisme-i-les-visites-guiades-gratuites-als-estanys-al-castell-i-al-conjunt-memorial\/","title":{"rendered":"El mes de mar\u00e7 arriba a Almenara amb el Carnestoltes, les falles, els actes del 8M, Ciclisme i les visites guiades gratu\u00eftes als estanys, al Castell i al Conjunt Memorial."},"content":{"rendered":"\n<p>L&#8217;Ajuntament d&#8217;Almenara ha presentat l&#8217;agenda d&#8217;activitats del mes de mar\u00e7 en la qual s&#8217;inclouen els actes del 8M, el carnestoltes, les activitats falleres, les visites als Estanys, el Castell i al Conjunt Memorial, o les competicions esportives amb la Challenge de la Plana de Ciclisme.<\/p>\n\n\n\n<p>El dissabte 1 de mar\u00e7 arribar\u00e0 carregat d&#8217;activitats. Al mat\u00ed, a les 11.00 es dur\u00e0 a terme la visita guiada gratu\u00efta als Estanys d&#8217;Almenara. Les persones interessades hauran d&#8217;inscriure&#8217;s pr\u00e8viament en el tel\u00e8fon 679 389 887 o en el correu electr\u00f2nic aulanatura@almenara.es<\/p>\n\n\n\n<p>A la vesprada l&#8217;esport prendr\u00e0 el protagonisme amb la celebraci\u00f3 a partir de les 15.30 hores de la tercera etapa de la Challenge de la Plana de Ciclisme amb eixida i meta en l&#8217;Avinguda Pa\u00eds Valenci\u00e0 enfront del Centre FPA Paulo Freire d&#8217;Almenara.<\/p>\n\n\n\n<p>I tot seguit, el color, les disfresses i la festa prendran els carrers de la localitat amb la celebraci\u00f3 del tradicional Carnestoltes d&#8217;Almenara. A partir de les 17.30 en el Casal Jove es duran a terme les inscripcions per a comen\u00e7ar la cercavila des del mateix lloc a les 18.30 amb l&#8217;animaci\u00f3 de l&#8217;espectacle de circ itinerant \u201cArt i Entorn\u201d i la m\u00fasica de la xaranga \u201cEl Marraixot\u201d. A l&#8217;arribada al poliesportiu se celebrar\u00e0 un concert infantil a c\u00e0rrec de Tataro\u2019s Rock. La festa acabar\u00e0 a la nit amb una discom\u00f2bil amb Dj Royo i Djouza.<\/p>\n\n\n\n<p><strong>FALLES<\/strong><\/p>\n\n\n\n<p>La festa continuar\u00e0 el diumenge 2 de mar\u00e7 amb la segona edici\u00f3 de la Crida de les falles d&#8217;Almenara. La cita comen\u00e7ar\u00e0 a les 17.30 hores amb una cercavila que partir\u00e0 des del Centre FPA Paulo Freire fins a l&#8217;Ajuntament d&#8217;Almenara, des d&#8217;on es convidar\u00e0 a participar i gaudir de les festes.<\/p>\n\n\n\n<p>Aix\u00ed, despr\u00e9s de la crida, al llarg del mes de mar\u00e7, tant la falla El Comprom\u00eds com la Falla Pla\u00e7a Els Pescadors de la Platja Casablanca duran a terme tota una s\u00e8rie d&#8217;activitats festives en la localitat que culminaran el 19 de mar\u00e7 amb la crem\u00e0 dels monuments de totes dues comissions.<\/p>\n\n\n\n<p><strong>ACTIVITATS 8M<\/strong><\/p>\n\n\n\n<p>A m\u00e9s, entre el 4 i el 9 de mar\u00e7 des de l&#8217;Ajuntament d&#8217;Almenara es duran a terme les activitats emmarcades en el 8M, Dia Internacional de la Dona. Aix\u00ed el dimarts 4 hi haur\u00e0 una conferencia taller sobre coeducaci\u00f3 i construcci\u00f3 de masculinitats i feminitats amb Sandra Molines en el CMC Paulo Freire a les 17.30 hores. El dimecres 5 es dur\u00e0 a terme una visita cultural a Val\u00e8ncia, la inscripci\u00f3 de la qual es pot realitzar en el departament d&#8217;Igualtat de l&#8217;Ajuntament d&#8217;Almenara.<\/p>\n\n\n\n<p>L&#8217;acte central ser\u00e0 el divendres 7 de mar\u00e7 amb la lectura del manifest i el concert de la cantautora local Eva G\u00f3mez a partir de les 12 del migdia en la Pla\u00e7a 8 de Mar\u00e7, amb la participaci\u00f3 dels centres educatius de la localitat. Eixa mateixa vesprada, a les 18.30 en el CMC Paulo Freire s&#8217;inaugurar\u00e0 l&#8217;exposici\u00f3 de GFAL \u201cNi + ni \u2013 dona\u201d a la que seguir\u00e0 la presentaci\u00f3 de la revista \u201cDe gran vull ser com ella\u201d.<\/p>\n\n\n\n<p>El dissabte 8 a les 19 hores en el Paulo Freire se celebrar\u00e0 el mon\u00f2leg \u00bfMicromaqu\u00e9? i el diumenge conclouran les activitats amb la Marxa de la Dona a partir de les 10 del mat\u00ed que inclour\u00e0 l&#8217;esmorzar i un concert d&#8217;Eva G\u00f3mez. Les inscripcions es podran fer en l&#8217;\u00e0rea d&#8217;Igualtat.<\/p>\n\n\n\n<p><strong>VISITES GUIADES<\/strong><\/p>\n\n\n\n<p>A m\u00e9s, els dissabtes 8 i 22 de mar\u00e7 a partir de les 10 hores hi haur\u00e0 visites guiades gratu\u00eftes al Conjunt Memorial de Darrere del Castell. Les persones interessades podran inscriure&#8217;s en el correu electr\u00f2nic centrexyzalmenara@gmail.com o en el tel\u00e8fon 620 56 74 71.<\/p>\n\n\n\n<p>Finalment, el diumenge 9 de mar\u00e7, es dur\u00e0 a terme la visita mensual al Castell i la Torre Bivalcadim, amb eixida a les 10 del mat\u00ed. La inscripci\u00f3 pr\u00e8via gratu\u00efta es podr\u00e0 fer en el tel\u00e8fon 660 568 831.<\/p>\n","protected":false},"excerpt":{"rendered":"<p>L&#8217;Ajuntament d&#8217;Almenara ha presentat l&#8217;agenda d&#8217;activitats del mes de mar\u00e7 en la qual s&#8217;inclouen els actes del 8M, el carnestoltes, les activitats falleres, les visites als Estanys, el Castell i al Conjunt Memorial, o les competicions esportives amb la Challenge de la Plana de Ciclisme. El dissabte 1 de mar\u00e7 arribar\u00e0 carregat d&#8217;activitats. Al mat\u00ed, &#8230; <a title=\"El mes de mar\u00e7 arriba a Almenara amb el Carnestoltes, les falles, els actes del 8M, Ciclisme i les visites guiades gratu\u00eftes als estanys, al Castell i al Conjunt Memorial.\" class=\"read-more\" href=\"https:\/\/elcafedepipa.com\/index.php\/2025\/02\/24\/el-mes-de-marc-arriba-a-almenara-amb-el-carnestoltes-les-falles-els-actes-del-8m-ciclisme-i-les-visites-guiades-gratuites-als-estanys-al-castell-i-al-conjunt-memorial\/\" aria-label=\"M\u00e9s informaci\u00f3 sobre El mes de mar\u00e7 arriba a Almenara amb el Carnestoltes, les falles, els actes del 8M, Ciclisme i les visites guiades gratu\u00eftes als estanys, al Castell i al Conjunt Memorial.\">Read more<\/a><\/p>\n","protected":false},"author":2,"featured_media":11122,"comment_status":"closed","ping_status":"closed","sticky":false,"template":"","format":"standard","meta":{"om_disable_all_campaigns":false,"_monsterinsights_skip_tracking":false,"_monsterinsights_sitenote_active":false,"_monsterinsights_sitenote_note":"","_monsterinsights_sitenote_category":0,"_uf_show_specific_survey":0,"_uf_disable_surveys":false,"footnotes":""},"categories":[5],"tags":[],"class_list":["post-11121","post","type-post","status-publish","format-standard","has-post-thumbnail","hentry","category-almenara"],"_links":{"self":[{"href":"https:\/\/elcafedepipa.com\/index.php\/wp-json\/wp\/v2\/posts\/11121","targetHints":{"allow":["GET"]}}],"collection":[{"href":"https:\/\/elcafedepipa.com\/index.php\/wp-json\/wp\/v2\/posts"}],"about":[{"href":"https:\/\/elcafedepipa.com\/index.php\/wp-json\/wp\/v2\/types\/post"}],"author":[{"embeddable":true,"href":"https:\/\/elcafedepipa.com\/index.php\/wp-json\/wp\/v2\/users\/2"}],"replies":[{"embeddable":true,"href":"https:\/\/elcafedepipa.com\/index.php\/wp-json\/wp\/v2\/comments?post=11121"}],"version-history":[{"count":0,"href":"https:\/\/elcafedepipa.com\/index.php\/wp-json\/wp\/v2\/posts\/11121\/revisions"}],"wp:featuredmedia":[{"embeddable":true,"href":"https:\/\/elcafedepipa.com\/index.php\/wp-json\/wp\/v2\/media\/11122"}],"wp:attachment":[{"href":"https:\/\/elcafedepipa.com\/index.php\/wp-json\/wp\/v2\/media?parent=11121"}],"wp:term":[{"taxonomy":"category","embeddable":true,"href":"https:\/\/elcafedepipa.com\/index.php\/wp-json\/wp\/v2\/categories?post=11121"},{"taxonomy":"post_tag","embeddable":true,"href":"https:\/\/elcafedepipa.com\/index.php\/wp-json\/wp\/v2\/tags?post=11121"}],"curies":[{"name":"wp","href":"https:\/\/api.w.org\/{rel}","templated":true}]}}