{"id":11037,"date":"2025-02-20T17:00:13","date_gmt":"2025-02-20T16:00:13","guid":{"rendered":"https:\/\/elcafedepipa.com\/?p=11037"},"modified":"2025-02-20T17:00:17","modified_gmt":"2025-02-20T16:00:17","slug":"lajuntament-domotitza-el-control-de-la-piscina-municipal-coberta-i-millora-el-gimnas","status":"publish","type":"post","link":"https:\/\/elcafedepipa.com\/index.php\/2025\/02\/20\/lajuntament-domotitza-el-control-de-la-piscina-municipal-coberta-i-millora-el-gimnas\/","title":{"rendered":"L&#8217;Ajuntament domotitza el control de la piscina municipal coberta i millora el gimn\u00e0s"},"content":{"rendered":"\n<p><strong>Des que va comen\u00e7ar l&#8217;any s&#8217;han invertit 14.800 euros per a modernitzar les instal\u00b7lacions i potenciar la zona de cardio<\/strong><\/p>\n\n\n\n<p>L&#8217;Ajuntament de la Vall d&#8217;Uix\u00f3 ha realitzat millores en la piscina municipal coberta, amb una inversi\u00f3 de 14.800 euros des que va comen\u00e7ar l&#8217;any. Una de les m\u00e9s destacades \u00e9s la domotitzaci\u00f3 del control dels par\u00e0metres, que suposa \u201cmodernitzar i aplicar la tecnologia per a deixar arrere el control manual i guanyar en efici\u00e8ncia i seguretat\u201d, tal com ha destacat el conseller delegat d&#8217;Emsevall, Javier Ferreres.<\/p>\n\n\n\n<p>A trav\u00e9s d&#8217;este sistema es controlen els nivells de clor, PH, temperatura, fluxos de bombeig o nivells d&#8217;aigua i tamb\u00e9 es vigila de manera remota les calderes. Precisament una de les inversions m\u00e9s importants ha sigut en la substituci\u00f3 del cremador de la caldera que va patir un trencament. A m\u00e9s s&#8217;ha adquirit un de recanvi per a en cas d&#8217;avaria \u201cno calga esperar una setmana a qu\u00e8 arribe la pe\u00e7a, com va passar recentment\u201d.<\/p>\n\n\n\n<p>Una altra de les novetats m\u00e9s visibles s&#8217;ha realitzat en la zona de gimn\u00e0s, ja que s&#8217;han reparat i adequat les m\u00e0quines de cardio i s&#8217;ha comprat una cinta de c\u00f3rrer nova i una bicicleta horitzontal. Ferreres ha explicat que estos materials \u201crequereixen d&#8217;un manteniment continu per les condicions d&#8217;humitat\u201d. A m\u00e9s es potenciar\u00e0 el gimn\u00e0s, molt utilitzat, amb l&#8217;adquisici\u00f3 pr\u00f2ximament d&#8217;una estaci\u00f3 de musculaci\u00f3 i de dues el\u00b7l\u00edptiques noves.<\/p>\n\n\n\n<p> Aix\u00ed mateix s&#8217;han substitu\u00eft els urinaris i els desguassos dels banys que donen servei a la zona de graderies. I tamb\u00e9 s&#8217;han realitzat renovacions a les sales t\u00e8cniques, amb la renovaci\u00f3 de col\u00b7lectors, subjeccions de canonades, eliminaci\u00f3 i substituci\u00f3 d&#8217;elements obsolets i pintura de portes anti-incendis i parets.<\/p>\n\n\n\n<p>I en les pr\u00f2ximes setmanes est\u00e0 prevista la instal\u00b7laci\u00f3 d&#8217;una nova porta d&#8217;entrada i la retolaci\u00f3 de la fa\u00e7ana principal. Tamb\u00e9 s&#8217;activaran canals de difusi\u00f3 de Telegram i WhatsApp perqu\u00e8 les persones usu\u00e0ries de la piscina municipal coberta reben directament informaci\u00f3 de servei. Paral\u00b7lelament s&#8217;est\u00e0 actualitzant la web perqu\u00e8 permeta el pagament de les quotes d&#8217;abonament, facilitant aix\u00ed este tr\u00e0mit a la ciutadania.<\/p>\n\n\n\n<p>Ferreres ha defensat \u201cla gesti\u00f3 p\u00fablica i sostenible de la piscina\u201d, at\u00e9s que \u201chi ha molts casos de privatitzacions que acaben tancades perqu\u00e8 no s\u00f3n rendibles pels alts costos de manteniment d&#8217;esta mena d&#8217;instal\u00b7lacions\u201d. En este sentit, ha insistit que el PP \u201cmenteix\u201d quan diu que \u201chem augmentat les tarifes un 30%\u201d. Des de 2005 no s&#8217;havien actualitzat els preus \u201ci en alguns casos els augments han sigut nuls o m\u00ednims\u201d.<\/p>\n","protected":false},"excerpt":{"rendered":"<p>Des que va comen\u00e7ar l&#8217;any s&#8217;han invertit 14.800 euros per a modernitzar les instal\u00b7lacions i potenciar la zona de cardio L&#8217;Ajuntament de la Vall d&#8217;Uix\u00f3 ha realitzat millores en la piscina municipal coberta, amb una inversi\u00f3 de 14.800 euros des que va comen\u00e7ar l&#8217;any. Una de les m\u00e9s destacades \u00e9s la domotitzaci\u00f3 del control dels &#8230; <a title=\"L&#8217;Ajuntament domotitza el control de la piscina municipal coberta i millora el gimn\u00e0s\" class=\"read-more\" href=\"https:\/\/elcafedepipa.com\/index.php\/2025\/02\/20\/lajuntament-domotitza-el-control-de-la-piscina-municipal-coberta-i-millora-el-gimnas\/\" aria-label=\"M\u00e9s informaci\u00f3 sobre L&#8217;Ajuntament domotitza el control de la piscina municipal coberta i millora el gimn\u00e0s\">Read more<\/a><\/p>\n","protected":false},"author":2,"featured_media":11038,"comment_status":"closed","ping_status":"closed","sticky":false,"template":"","format":"standard","meta":{"om_disable_all_campaigns":false,"_monsterinsights_skip_tracking":false,"_monsterinsights_sitenote_active":false,"_monsterinsights_sitenote_note":"","_monsterinsights_sitenote_category":0,"_uf_show_specific_survey":0,"_uf_disable_surveys":false,"footnotes":""},"categories":[1],"tags":[],"class_list":["post-11037","post","type-post","status-publish","format-standard","has-post-thumbnail","hentry","category-non-classe"],"_links":{"self":[{"href":"https:\/\/elcafedepipa.com\/index.php\/wp-json\/wp\/v2\/posts\/11037","targetHints":{"allow":["GET"]}}],"collection":[{"href":"https:\/\/elcafedepipa.com\/index.php\/wp-json\/wp\/v2\/posts"}],"about":[{"href":"https:\/\/elcafedepipa.com\/index.php\/wp-json\/wp\/v2\/types\/post"}],"author":[{"embeddable":true,"href":"https:\/\/elcafedepipa.com\/index.php\/wp-json\/wp\/v2\/users\/2"}],"replies":[{"embeddable":true,"href":"https:\/\/elcafedepipa.com\/index.php\/wp-json\/wp\/v2\/comments?post=11037"}],"version-history":[{"count":0,"href":"https:\/\/elcafedepipa.com\/index.php\/wp-json\/wp\/v2\/posts\/11037\/revisions"}],"wp:featuredmedia":[{"embeddable":true,"href":"https:\/\/elcafedepipa.com\/index.php\/wp-json\/wp\/v2\/media\/11038"}],"wp:attachment":[{"href":"https:\/\/elcafedepipa.com\/index.php\/wp-json\/wp\/v2\/media?parent=11037"}],"wp:term":[{"taxonomy":"category","embeddable":true,"href":"https:\/\/elcafedepipa.com\/index.php\/wp-json\/wp\/v2\/categories?post=11037"},{"taxonomy":"post_tag","embeddable":true,"href":"https:\/\/elcafedepipa.com\/index.php\/wp-json\/wp\/v2\/tags?post=11037"}],"curies":[{"name":"wp","href":"https:\/\/api.w.org\/{rel}","templated":true}]}}