{"id":11023,"date":"2025-02-20T16:48:28","date_gmt":"2025-02-20T15:48:28","guid":{"rendered":"https:\/\/elcafedepipa.com\/?p=11023"},"modified":"2025-02-20T16:48:32","modified_gmt":"2025-02-20T15:48:32","slug":"el-pp-demana-a-banos-que-relegue-la-seua-gira-politica-i-resolga-els-problemes-dokupacio-de-la-vall","status":"publish","type":"post","link":"https:\/\/elcafedepipa.com\/index.php\/2025\/02\/20\/el-pp-demana-a-banos-que-relegue-la-seua-gira-politica-i-resolga-els-problemes-dokupacio-de-la-vall\/","title":{"rendered":"El PP demana a Ba\u00f1os que &#8220;relegue la seua gira pol\u00edtica&#8221; i resolga els problemes d&#8217;okupaci\u00f3 de la Vall\u00a0\u00a0\u00a0"},"content":{"rendered":"\n<p>El Partit Popular de la Vall d&#8217;Uix\u00f3 ha demanat a l&#8217;alcaldessa de la localitat que relegue la seua gira pol\u00edtica i gestione amb efic\u00e0cia els problemes de la Vall, especialment els de l&#8217;okupaci\u00f3. \u201cNo s\u00f3n nous\u201d, ha assenyalat Marga Marco, regidora del PP en la localitat. \u201cNo obstant aix\u00f2, cada vegada van a m\u00e9s\u201d.<\/p>\n\n\n\n<p>Aix\u00ed s&#8217;ha expressat la regidora en relaci\u00f3 a l&#8217;edifici okupat del carrer Alfondeguilla amb el qual els ve\u00efns conviuen des de fa m\u00e9s de dos anys. \u201cEl novembre passat, fa ja quasi tres mesos, sol\u00b7licitem a l&#8217;alcaldia que ens facilitara informaci\u00f3 sobre la relaci\u00f3 de den\u00fancies presentades aix\u00ed com el conjunt de mesures adoptades per a donar soluci\u00f3 al problema\u201d. \u201cHui, seguim sense resposta\u201d.<\/p>\n\n\n\n<p>La situaci\u00f3, no obstant aix\u00f2, \u201ccreix dia a dia\u201d. Als problemes de conviv\u00e8ncia amb els quals els ve\u00efns del carrer es veuen obligats a conviure di\u00e0riament se suma la inseguretat i malestar en l&#8217;entorn\u201d. \u201cNo estem parlant de fam\u00edlies vulnerables que necessiten una llar, perqu\u00e8 per a aix\u00f2 est\u00e0 la labor dels professionals de Servicis Socials. Estem parlant de gent que no respecta les normes com tampoc les lleis, \u00e9s a dir, s\u00f3n delinq\u00fcents\u201d.<\/p>\n\n\n\n<p>A esta circumst\u00e0ncia se suma la brut\u00edcia, escombraries i enderrocs que els okupants llancen al riu. \u201cEl barranc s&#8217;ha convertit en un abocador i els ve\u00efns som els que paguem de les nostres butxaques este incivisme que no sols danya el nostre entorn sin\u00f3 tamb\u00e9 la imatge de la nostra ciutat\u201d. Tal com ha recordat Marco, esta \u00e9s una zona molt transitada tant per ciutadans que passejaran pel paratge com per visitants que acudixen a les Grutes de Sant Josep.<\/p>\n\n\n\n<p>El problema \u201cque ha generat l&#8217;esquerra convertint en v\u00edctimes als qui delinquixen est\u00e0 provocant un malestar que els ciutadans que respecten les normes de conviv\u00e8ncia ni han de patir ni tampoc han de pagar\u201d. En este sentit, explica Marco, \u201cel que li demanem a l&#8217;alcaldessa \u00e9s que en lloc de dedicar-se a la seua carrera pol\u00edtica es dedique al seu poble. La Vall necessita gesti\u00f3, dilig\u00e8ncia i soluci\u00f3 als seus problemes. I el de l&#8217;okupaci\u00f3 \u00e9s un dels m\u00e9s greus perqu\u00e8 lluny de resoldre&#8217;s, s&#8217;enquista dia a dia\u201d, ha manifestat Marco.<\/p>\n","protected":false},"excerpt":{"rendered":"<p>El Partit Popular de la Vall d&#8217;Uix\u00f3 ha demanat a l&#8217;alcaldessa de la localitat que relegue la seua gira pol\u00edtica i gestione amb efic\u00e0cia els problemes de la Vall, especialment els de l&#8217;okupaci\u00f3. \u201cNo s\u00f3n nous\u201d, ha assenyalat Marga Marco, regidora del PP en la localitat. \u201cNo obstant aix\u00f2, cada vegada van a m\u00e9s\u201d. Aix\u00ed &#8230; <a title=\"El PP demana a Ba\u00f1os que &#8220;relegue la seua gira pol\u00edtica&#8221; i resolga els problemes d&#8217;okupaci\u00f3 de la Vall\u00a0\u00a0\u00a0\" class=\"read-more\" href=\"https:\/\/elcafedepipa.com\/index.php\/2025\/02\/20\/el-pp-demana-a-banos-que-relegue-la-seua-gira-politica-i-resolga-els-problemes-dokupacio-de-la-vall\/\" aria-label=\"M\u00e9s informaci\u00f3 sobre El PP demana a Ba\u00f1os que &#8220;relegue la seua gira pol\u00edtica&#8221; i resolga els problemes d&#8217;okupaci\u00f3 de la Vall\u00a0\u00a0\u00a0\">Read more<\/a><\/p>\n","protected":false},"author":2,"featured_media":11024,"comment_status":"closed","ping_status":"closed","sticky":false,"template":"","format":"standard","meta":{"om_disable_all_campaigns":false,"_monsterinsights_skip_tracking":false,"_monsterinsights_sitenote_active":false,"_monsterinsights_sitenote_note":"","_monsterinsights_sitenote_category":0,"_uf_show_specific_survey":0,"_uf_disable_surveys":false,"footnotes":""},"categories":[1],"tags":[],"class_list":["post-11023","post","type-post","status-publish","format-standard","has-post-thumbnail","hentry","category-non-classe"],"_links":{"self":[{"href":"https:\/\/elcafedepipa.com\/index.php\/wp-json\/wp\/v2\/posts\/11023","targetHints":{"allow":["GET"]}}],"collection":[{"href":"https:\/\/elcafedepipa.com\/index.php\/wp-json\/wp\/v2\/posts"}],"about":[{"href":"https:\/\/elcafedepipa.com\/index.php\/wp-json\/wp\/v2\/types\/post"}],"author":[{"embeddable":true,"href":"https:\/\/elcafedepipa.com\/index.php\/wp-json\/wp\/v2\/users\/2"}],"replies":[{"embeddable":true,"href":"https:\/\/elcafedepipa.com\/index.php\/wp-json\/wp\/v2\/comments?post=11023"}],"version-history":[{"count":0,"href":"https:\/\/elcafedepipa.com\/index.php\/wp-json\/wp\/v2\/posts\/11023\/revisions"}],"wp:featuredmedia":[{"embeddable":true,"href":"https:\/\/elcafedepipa.com\/index.php\/wp-json\/wp\/v2\/media\/11024"}],"wp:attachment":[{"href":"https:\/\/elcafedepipa.com\/index.php\/wp-json\/wp\/v2\/media?parent=11023"}],"wp:term":[{"taxonomy":"category","embeddable":true,"href":"https:\/\/elcafedepipa.com\/index.php\/wp-json\/wp\/v2\/categories?post=11023"},{"taxonomy":"post_tag","embeddable":true,"href":"https:\/\/elcafedepipa.com\/index.php\/wp-json\/wp\/v2\/tags?post=11023"}],"curies":[{"name":"wp","href":"https:\/\/api.w.org\/{rel}","templated":true}]}}