{"id":10965,"date":"2025-02-19T13:20:19","date_gmt":"2025-02-19T12:20:19","guid":{"rendered":"https:\/\/elcafedepipa.com\/?p=10965"},"modified":"2025-02-19T13:20:20","modified_gmt":"2025-02-19T12:20:20","slug":"zaida-moreno-lajuntament-de-la-vall-duixo-paga-als-proveidors-el-doble-de-rapid-que-la-generalitat-valenciana","status":"publish","type":"post","link":"https:\/\/elcafedepipa.com\/index.php\/2025\/02\/19\/zaida-moreno-lajuntament-de-la-vall-duixo-paga-als-proveidors-el-doble-de-rapid-que-la-generalitat-valenciana\/","title":{"rendered":"Zaida Moreno: &#8220;L&#8217;Ajuntament de la Vall d&#8217;Uix\u00f3 paga als prove\u00efdors el doble de r\u00e0pid que la Generalitat Valenciana&#8221;"},"content":{"rendered":"\n<p><strong>L&#8217;exercici econ\u00f2mic 2023 s&#8217;ha tancat amb un per\u00edode mitj\u00e0 de pagament de 17,1 dies, molt per sota de la mitjana nacional<\/strong><\/p>\n\n\n\n<p>L&#8217;Ajuntament de la Vall d&#8217;Uix\u00f3 ha tancat l&#8217;exercici econ\u00f2mic del 2024 amb un per\u00edode mitj\u00e0 de pagament a prove\u00efdors (PMP) de 17,1 dies. Aquesta xifra se situa molt per sota de la mitjana dels ajuntaments espanyols, que \u00e9s en 29 dies. Tamb\u00e9 \u00e9s inferior a la del Govern d&#8217;Espanya (19 dies) i la de la Generalitat Valenciana (35,3 dies).<\/p>\n\n\n\n<p>La regidora d&#8217;Hisenda, Zaida Moreno, ha destacat que aquestes xifres es tradueixen &#8220;que les empreses que treballen per a l&#8217;Ajuntament cobren r\u00e0pid i amb seguretat, podent continuar generant activitat econ\u00f2mica i ocupaci\u00f3 a la nostra ciutat&#8221;. I \u00e9s que les dades \u201cs\u00f3n molt positives, perqu\u00e8 paguem el doble de r\u00e0pid que la Generalitat\u201d.<\/p>\n\n\n\n<p>Aquesta reducci\u00f3 del per\u00edode de pagament \u201cconstata que practiquem una pol\u00edtica econ\u00f2mica responsable i eficient, que garanteix que cada euro p\u00fablic es gestiona amb rigor i amb transpar\u00e8ncia\u201d. Aix\u00ed, Moreno ha remarcat que &#8220;quan governa l\u02bbesquerra es demostra que gestiona b\u00e9, inverteix en serveis p\u00fablics i garanteix l\u02bbestabilitat financera&#8221;.<\/p>\n\n\n\n<p>Fent mem\u00f2ria, fa 10 anys \u201cl&#8217;anterior equip de govern del PP trigava a pagar als prove\u00efdors m\u00e9s de 600 dies\u201d. Aquest PMP es tradu\u00efa que les empreses \u201chavien d&#8217;esperar dos anys a cobrar pels serveis prestats, cosa que posava en perill molts negocis i llocs de treball\u201d. Des que el govern progressista va accedir al govern el 2015 \u201chem passat de 600 dies a 17 i no \u00e9s casualitat, sin\u00f3 una millor gesti\u00f3, millor planificaci\u00f3 i comprom\u00eds amb la ciutadania i el teixit empresarial\u201d.<\/p>\n\n\n\n<p>Aix\u00ed, l\u00b4edila ha posat en valor que \u201cuna administraci\u00f3 que paga r\u00e0pid \u00e9s una administraci\u00f3 que funciona\u201d i l&#8217;Ajuntament de la Vall d&#8217;Uix\u00f3 \u201cpaga el doble de r\u00e0pid que la mitjana nacional\u201d. Per aix\u00f2, ha asseverat que \u201csom una instituci\u00f3 solvent, gestionada amb responsabilitat i no amb la improvisaci\u00f3 que caracteritza el PP\u201d.<\/p>\n\n\n\n<figure class=\"wp-block-image size-large\"><img fetchpriority=\"high\" decoding=\"async\" width=\"1024\" height=\"742\" src=\"https:\/\/elcafedepipa.com\/wp-content\/uploads\/2025\/02\/PMP-1024x742.png\" alt=\"\" class=\"wp-image-10968\" srcset=\"https:\/\/elcafedepipa.com\/wp-content\/uploads\/2025\/02\/PMP-1024x742.png 1024w, https:\/\/elcafedepipa.com\/wp-content\/uploads\/2025\/02\/PMP-300x217.png 300w, https:\/\/elcafedepipa.com\/wp-content\/uploads\/2025\/02\/PMP-768x557.png 768w, https:\/\/elcafedepipa.com\/wp-content\/uploads\/2025\/02\/PMP.png 1490w\" sizes=\"(max-width: 1024px) 100vw, 1024px\" \/><\/figure>\n","protected":false},"excerpt":{"rendered":"<p>L&#8217;exercici econ\u00f2mic 2023 s&#8217;ha tancat amb un per\u00edode mitj\u00e0 de pagament de 17,1 dies, molt per sota de la mitjana nacional L&#8217;Ajuntament de la Vall d&#8217;Uix\u00f3 ha tancat l&#8217;exercici econ\u00f2mic del 2024 amb un per\u00edode mitj\u00e0 de pagament a prove\u00efdors (PMP) de 17,1 dies. Aquesta xifra se situa molt per sota de la mitjana dels &#8230; <a title=\"Zaida Moreno: &#8220;L&#8217;Ajuntament de la Vall d&#8217;Uix\u00f3 paga als prove\u00efdors el doble de r\u00e0pid que la Generalitat Valenciana&#8221;\" class=\"read-more\" href=\"https:\/\/elcafedepipa.com\/index.php\/2025\/02\/19\/zaida-moreno-lajuntament-de-la-vall-duixo-paga-als-proveidors-el-doble-de-rapid-que-la-generalitat-valenciana\/\" aria-label=\"M\u00e9s informaci\u00f3 sobre Zaida Moreno: &#8220;L&#8217;Ajuntament de la Vall d&#8217;Uix\u00f3 paga als prove\u00efdors el doble de r\u00e0pid que la Generalitat Valenciana&#8221;\">Read more<\/a><\/p>\n","protected":false},"author":2,"featured_media":0,"comment_status":"closed","ping_status":"closed","sticky":false,"template":"","format":"standard","meta":{"om_disable_all_campaigns":false,"_monsterinsights_skip_tracking":false,"_monsterinsights_sitenote_active":false,"_monsterinsights_sitenote_note":"","_monsterinsights_sitenote_category":0,"_uf_show_specific_survey":0,"_uf_disable_surveys":false,"footnotes":""},"categories":[1],"tags":[],"class_list":["post-10965","post","type-post","status-publish","format-standard","hentry","category-non-classe"],"_links":{"self":[{"href":"https:\/\/elcafedepipa.com\/index.php\/wp-json\/wp\/v2\/posts\/10965","targetHints":{"allow":["GET"]}}],"collection":[{"href":"https:\/\/elcafedepipa.com\/index.php\/wp-json\/wp\/v2\/posts"}],"about":[{"href":"https:\/\/elcafedepipa.com\/index.php\/wp-json\/wp\/v2\/types\/post"}],"author":[{"embeddable":true,"href":"https:\/\/elcafedepipa.com\/index.php\/wp-json\/wp\/v2\/users\/2"}],"replies":[{"embeddable":true,"href":"https:\/\/elcafedepipa.com\/index.php\/wp-json\/wp\/v2\/comments?post=10965"}],"version-history":[{"count":0,"href":"https:\/\/elcafedepipa.com\/index.php\/wp-json\/wp\/v2\/posts\/10965\/revisions"}],"wp:attachment":[{"href":"https:\/\/elcafedepipa.com\/index.php\/wp-json\/wp\/v2\/media?parent=10965"}],"wp:term":[{"taxonomy":"category","embeddable":true,"href":"https:\/\/elcafedepipa.com\/index.php\/wp-json\/wp\/v2\/categories?post=10965"},{"taxonomy":"post_tag","embeddable":true,"href":"https:\/\/elcafedepipa.com\/index.php\/wp-json\/wp\/v2\/tags?post=10965"}],"curies":[{"name":"wp","href":"https:\/\/api.w.org\/{rel}","templated":true}]}}