{"id":10942,"date":"2025-02-18T14:36:00","date_gmt":"2025-02-18T13:36:00","guid":{"rendered":"https:\/\/elcafedepipa.com\/?p=10942"},"modified":"2025-02-18T14:36:01","modified_gmt":"2025-02-18T13:36:01","slug":"lajuntament-de-la-vall-duixo-celebra-la-gala-de-lesport-aquest-divendres-21-de-febrer","status":"publish","type":"post","link":"https:\/\/elcafedepipa.com\/index.php\/2025\/02\/18\/lajuntament-de-la-vall-duixo-celebra-la-gala-de-lesport-aquest-divendres-21-de-febrer\/","title":{"rendered":"L&#8217;Ajuntament de la Vall d&#8217;Uix\u00f3 celebra la Gala de l&#8217;Esport aquest divendres 21 de febrer"},"content":{"rendered":"\n<p><strong>L&#8217;Auditori acollir\u00e0 el lliurament dels reconeixements als i les esportistes m\u00e9s destacades del 2024<\/strong><\/p>\n\n\n\n<p>L&#8217;Ajuntament de la Vall d&#8217;Uix\u00f3 celebrar\u00e0 la Gala de l&#8217;Esport 2025 aquest divendres, 21 de febrer, a les 19.30 hores a l&#8217;Auditori. A l&#8217;esdeveniment es reconeixer\u00e0 p\u00fablicament &#8220;els i les esportistes m\u00e9s destacades de la ciutat i les entitats que han aconseguit \u00e8xits i \u00e8xits el 2024&#8221;, tal com ha explicat la regidora d&#8217;Esports, Mar Arzo.<\/p>\n\n\n\n<p>Durant la gala tamb\u00e9 es lliuraran els premis del Circuit 5K Ciutat de la Vall d&#8217;Uix\u00f3 i es presentar\u00e0 l&#8217;edici\u00f3 d&#8217;enguany. A m\u00e9s, els clubs esportius lliuraran els seus reconeixements segons el seu propi criteri; i hi haur\u00e0 actuacions dels grups de gimn\u00e0stica de manteniment, Shotokan Sport i Fit Kid Rodr\u00edguez.<\/p>\n\n\n\n<p>Les entrades es poden aconseguir gratu\u00eftament dijous de vesprada a les taquilles de l&#8217;Auditori o el mateix dia de l&#8217;esdeveniment (fins que s&#8217;esgote l&#8217;aforament). La regidora ha destacat que ser\u00e0 &#8220;una gala emocionant, que posa de rellev\u00e0ncia la import\u00e0ncia de l\u00b4esport no nom\u00e9s a nivell competitiu sin\u00f3 tamb\u00e9 de base i com a eina social i de benestar&#8221;. Per aix\u00f2, ha animat la ciutadania a &#8220;vindre i gaudir d\u00b4una tarda dedicada a l\u00b4esport local&#8221;.<\/p>\n\n\n\n<p><\/p>\n","protected":false},"excerpt":{"rendered":"<p>L&#8217;Auditori acollir\u00e0 el lliurament dels reconeixements als i les esportistes m\u00e9s destacades del 2024 L&#8217;Ajuntament de la Vall d&#8217;Uix\u00f3 celebrar\u00e0 la Gala de l&#8217;Esport 2025 aquest divendres, 21 de febrer, a les 19.30 hores a l&#8217;Auditori. A l&#8217;esdeveniment es reconeixer\u00e0 p\u00fablicament &#8220;els i les esportistes m\u00e9s destacades de la ciutat i les entitats que han &#8230; <a title=\"L&#8217;Ajuntament de la Vall d&#8217;Uix\u00f3 celebra la Gala de l&#8217;Esport aquest divendres 21 de febrer\" class=\"read-more\" href=\"https:\/\/elcafedepipa.com\/index.php\/2025\/02\/18\/lajuntament-de-la-vall-duixo-celebra-la-gala-de-lesport-aquest-divendres-21-de-febrer\/\" aria-label=\"M\u00e9s informaci\u00f3 sobre L&#8217;Ajuntament de la Vall d&#8217;Uix\u00f3 celebra la Gala de l&#8217;Esport aquest divendres 21 de febrer\">Read more<\/a><\/p>\n","protected":false},"author":2,"featured_media":10944,"comment_status":"closed","ping_status":"closed","sticky":false,"template":"","format":"standard","meta":{"om_disable_all_campaigns":false,"_monsterinsights_skip_tracking":false,"_monsterinsights_sitenote_active":false,"_monsterinsights_sitenote_note":"","_monsterinsights_sitenote_category":0,"_uf_show_specific_survey":0,"_uf_disable_surveys":false,"footnotes":""},"categories":[1],"tags":[],"class_list":["post-10942","post","type-post","status-publish","format-standard","has-post-thumbnail","hentry","category-non-classe"],"_links":{"self":[{"href":"https:\/\/elcafedepipa.com\/index.php\/wp-json\/wp\/v2\/posts\/10942","targetHints":{"allow":["GET"]}}],"collection":[{"href":"https:\/\/elcafedepipa.com\/index.php\/wp-json\/wp\/v2\/posts"}],"about":[{"href":"https:\/\/elcafedepipa.com\/index.php\/wp-json\/wp\/v2\/types\/post"}],"author":[{"embeddable":true,"href":"https:\/\/elcafedepipa.com\/index.php\/wp-json\/wp\/v2\/users\/2"}],"replies":[{"embeddable":true,"href":"https:\/\/elcafedepipa.com\/index.php\/wp-json\/wp\/v2\/comments?post=10942"}],"version-history":[{"count":0,"href":"https:\/\/elcafedepipa.com\/index.php\/wp-json\/wp\/v2\/posts\/10942\/revisions"}],"wp:featuredmedia":[{"embeddable":true,"href":"https:\/\/elcafedepipa.com\/index.php\/wp-json\/wp\/v2\/media\/10944"}],"wp:attachment":[{"href":"https:\/\/elcafedepipa.com\/index.php\/wp-json\/wp\/v2\/media?parent=10942"}],"wp:term":[{"taxonomy":"category","embeddable":true,"href":"https:\/\/elcafedepipa.com\/index.php\/wp-json\/wp\/v2\/categories?post=10942"},{"taxonomy":"post_tag","embeddable":true,"href":"https:\/\/elcafedepipa.com\/index.php\/wp-json\/wp\/v2\/tags?post=10942"}],"curies":[{"name":"wp","href":"https:\/\/api.w.org\/{rel}","templated":true}]}}