{"id":10913,"date":"2025-02-18T10:44:08","date_gmt":"2025-02-18T09:44:08","guid":{"rendered":"https:\/\/elcafedepipa.com\/?p=10913"},"modified":"2025-02-18T10:44:10","modified_gmt":"2025-02-18T09:44:10","slug":"nules-vol-que-el-seu-escut-siga-reconegut-pel-consell-dheraldica-de-la-generalitat","status":"publish","type":"post","link":"https:\/\/elcafedepipa.com\/index.php\/2025\/02\/18\/nules-vol-que-el-seu-escut-siga-reconegut-pel-consell-dheraldica-de-la-generalitat\/","title":{"rendered":"Nules vol que el seu escut siga reconegut pel consell d&#8217;Her\u00e0ldica de la Generalitat"},"content":{"rendered":"\n<p><strong>Una exposici\u00f3 recull els or\u00edgens i l\u2019evoluci\u00f3 de l\u2019actual escut<\/strong><\/p>\n\n\n\n<p>El municipi de Nules vol que el seu escut siga reconegut pel Consell d\u2019Her\u00e0ldica de la Generalitat Valenciana, en aquest sentit des de l\u2019Ajuntament de Nules es vol donar a con\u00e8ixer al conjunt de la poblaci\u00f3 la proposta de legalitzaci\u00f3 del nou escut.<\/p>\n\n\n\n<p>Per aquest motiu,  s\u2019ha inaugurat l\u2019exposici\u00f3 \u201cReforma legal de l\u2019escut de Nules i proposta de bandera\u201d al Museu d\u2019Hist\u00f2ria Vicent Felip Sempere en un acte on l\u2019alcalde de Nules, David Garc\u00eda, el regidor\u00a0 de Patrimoni, Guillermo Latorre, i el Cronista Oficial de la Vila de Nules, Joan Gavara, han presentat aquesta mostra que reflexa l\u2019evoluci\u00f3 de l\u2019actual escut de Nules.<\/p>\n\n\n\n<p>Aix\u00ed, una ampla representaci\u00f3 de la societat local, juntament amb els i les membres de la Corporaci\u00f3 Municipal, l\u2019alcaldessa de la Vilavella, Carmen Navarro, i el Cronista de la Vilavella, Joan Antoni Vicent,&nbsp; han assistit a aquest acte.<\/p>\n\n\n\n<p>L\u2019exposici\u00f3 est\u00e0 formada per dotze panells que intercalen texts explicatius amb imatges de l\u2019evoluci\u00f3 de l\u2019escut , \u201cpret\u00e9n contextualitzar en qu\u00e8 situaci\u00f3 es troba l\u2019actual escut, que no est\u00e0 recollit al Consell d\u2019Her\u00e0ldica de la Generalitat Valenciana i que, per tant, no \u00e9s legal\u201d, matisa el regidor de Patrimoni, Guillermo Latorre.&nbsp;<\/p>\n\n\n\n<p>De manera que, la proposta de legalitzaci\u00f3 del nou escut est\u00e0 feta sobre la base del rigor hist\u00f2ric i a les concessions reals que el poble de Nules va rebre a principi del segle XVIII.<\/p>\n\n\n\n<p>Per altra banda, l\u2019exposici\u00f3 tamb\u00e9 compta amb un espai de projecci\u00f3 on s\u2019emet&nbsp; un xicotet documental en el qual el Cronista de la Vila de Nules explica aquesta evoluci\u00f3 de forma amena.<\/p>\n\n\n\n<p>L\u2019exposici\u00f3 \u201cReforma legal de l\u2019escut de Nules i proposta de bandera\u201d es podr\u00e0 visitar fins el pr\u00f2xim 28 de mar\u00e7 els dies dilluns, dimecres i divendres en horari de 9 a 14 hores, i dimarts i dijous de 18 a 20 hores.<\/p>\n\n\n\n<p>Durant&nbsp; aquestes setmanes hi haur\u00e0 tamb\u00e9 visites guiades per a l\u2019alumnat dels diferents centres educatius de la localitat que comptaran amb tallers did\u00e0ctics relacionats amb el nou escut.<\/p>\n\n\n\n<figure class=\"wp-block-image size-large\"><img fetchpriority=\"high\" decoding=\"async\" width=\"1024\" height=\"1024\" src=\"https:\/\/elcafedepipa.com\/wp-content\/uploads\/2025\/02\/nules181-1024x1024.jpg\" alt=\"\" class=\"wp-image-10915\" srcset=\"https:\/\/elcafedepipa.com\/wp-content\/uploads\/2025\/02\/nules181-1024x1024.jpg 1024w, https:\/\/elcafedepipa.com\/wp-content\/uploads\/2025\/02\/nules181-300x300.jpg 300w, https:\/\/elcafedepipa.com\/wp-content\/uploads\/2025\/02\/nules181-150x150.jpg 150w, https:\/\/elcafedepipa.com\/wp-content\/uploads\/2025\/02\/nules181-768x768.jpg 768w, https:\/\/elcafedepipa.com\/wp-content\/uploads\/2025\/02\/nules181-1536x1536.jpg 1536w, https:\/\/elcafedepipa.com\/wp-content\/uploads\/2025\/02\/nules181-2048x2048.jpg 2048w, https:\/\/elcafedepipa.com\/wp-content\/uploads\/2025\/02\/nules181-700x700.jpg 700w, https:\/\/elcafedepipa.com\/wp-content\/uploads\/2025\/02\/nules181-45x45.jpg 45w\" sizes=\"(max-width: 1024px) 100vw, 1024px\" \/><\/figure>\n","protected":false},"excerpt":{"rendered":"<p>Una exposici\u00f3 recull els or\u00edgens i l\u2019evoluci\u00f3 de l\u2019actual escut El municipi de Nules vol que el seu escut siga reconegut pel Consell d\u2019Her\u00e0ldica de la Generalitat Valenciana, en aquest sentit des de l\u2019Ajuntament de Nules es vol donar a con\u00e8ixer al conjunt de la poblaci\u00f3 la proposta de legalitzaci\u00f3 del nou escut. Per aquest &#8230; <a title=\"Nules vol que el seu escut siga reconegut pel consell d&#8217;Her\u00e0ldica de la Generalitat\" class=\"read-more\" href=\"https:\/\/elcafedepipa.com\/index.php\/2025\/02\/18\/nules-vol-que-el-seu-escut-siga-reconegut-pel-consell-dheraldica-de-la-generalitat\/\" aria-label=\"M\u00e9s informaci\u00f3 sobre Nules vol que el seu escut siga reconegut pel consell d&#8217;Her\u00e0ldica de la Generalitat\">Read more<\/a><\/p>\n","protected":false},"author":2,"featured_media":10914,"comment_status":"closed","ping_status":"closed","sticky":false,"template":"","format":"standard","meta":{"om_disable_all_campaigns":false,"_monsterinsights_skip_tracking":false,"_monsterinsights_sitenote_active":false,"_monsterinsights_sitenote_note":"","_monsterinsights_sitenote_category":0,"_uf_show_specific_survey":0,"_uf_disable_surveys":false,"footnotes":""},"categories":[3],"tags":[],"class_list":["post-10913","post","type-post","status-publish","format-standard","has-post-thumbnail","hentry","category-nules"],"_links":{"self":[{"href":"https:\/\/elcafedepipa.com\/index.php\/wp-json\/wp\/v2\/posts\/10913","targetHints":{"allow":["GET"]}}],"collection":[{"href":"https:\/\/elcafedepipa.com\/index.php\/wp-json\/wp\/v2\/posts"}],"about":[{"href":"https:\/\/elcafedepipa.com\/index.php\/wp-json\/wp\/v2\/types\/post"}],"author":[{"embeddable":true,"href":"https:\/\/elcafedepipa.com\/index.php\/wp-json\/wp\/v2\/users\/2"}],"replies":[{"embeddable":true,"href":"https:\/\/elcafedepipa.com\/index.php\/wp-json\/wp\/v2\/comments?post=10913"}],"version-history":[{"count":0,"href":"https:\/\/elcafedepipa.com\/index.php\/wp-json\/wp\/v2\/posts\/10913\/revisions"}],"wp:featuredmedia":[{"embeddable":true,"href":"https:\/\/elcafedepipa.com\/index.php\/wp-json\/wp\/v2\/media\/10914"}],"wp:attachment":[{"href":"https:\/\/elcafedepipa.com\/index.php\/wp-json\/wp\/v2\/media?parent=10913"}],"wp:term":[{"taxonomy":"category","embeddable":true,"href":"https:\/\/elcafedepipa.com\/index.php\/wp-json\/wp\/v2\/categories?post=10913"},{"taxonomy":"post_tag","embeddable":true,"href":"https:\/\/elcafedepipa.com\/index.php\/wp-json\/wp\/v2\/tags?post=10913"}],"curies":[{"name":"wp","href":"https:\/\/api.w.org\/{rel}","templated":true}]}}