{"id":10902,"date":"2025-02-17T19:35:39","date_gmt":"2025-02-17T18:35:39","guid":{"rendered":"https:\/\/elcafedepipa.com\/?p=10902"},"modified":"2025-02-17T19:35:40","modified_gmt":"2025-02-17T18:35:40","slug":"la-vall-celebrara-el-dia-dandalusia-este-23-de-febrer-amb-sevillanes-i-un-flashmob","status":"publish","type":"post","link":"https:\/\/elcafedepipa.com\/index.php\/2025\/02\/17\/la-vall-celebrara-el-dia-dandalusia-este-23-de-febrer-amb-sevillanes-i-un-flashmob\/","title":{"rendered":"La Vall celebrar\u00e0 el dia d&#8217;Andalusia este 23 de febrer amb sevillanes i un flashmob"},"content":{"rendered":"\n<p><strong>L&#8217;Associaci\u00f3 Cultural Amigos de las Sevillanas impulsa una jornada de sevillanes i de record de les arrels andaluses de molts vallers i valleres<\/strong><\/p>\n\n\n\n<p>L&#8217;Ajuntament de la Vall d&#8217;Uix\u00f3 i l&#8217;Associaci\u00f3 Cultural Amigos de las Sevillanas han presentat la celebraci\u00f3 del Dia d&#8217;Andalusia, dins de les IV Jornades d&#8217;Interculturalitat. L&#8217;esdeveniment tindr\u00e0 lloc este diumenge 23 de febrer a partir de les 11.00 hores en la pla\u00e7a del Centre, amb el patrocini de la Regidoria de Cultura.<\/p>\n\n\n\n<p>Amb el lema \u2018La Vall balla per sevillanes\u2019 des de les 11.00 hores es realitzaran exhibicions a c\u00e0rrec de l&#8217;associaci\u00f3 i de Rytme, aix\u00ed com sevillanes i rumbes amb ball lliure. El president de l&#8217;Associaci\u00f3 Cultural Amigos de las Sevillanas, Francisco Haro, ha convidat a tota la ciutat \u201ca vindre a con\u00e9ixer-nos\u201d i ha recordat que en la Vall \u201chi ha molta gent que en el seu moment va vindre des d&#8217;Andalusia i \u00e9s una manera de celebrar els seus or\u00edgens i les seues arrels\u201d.<\/p>\n\n\n\n<p>A les 12.00 hores es penjar\u00e0 la bandera d&#8217;Andalusia del balc\u00f3 de l&#8217;Ajuntament i a continuaci\u00f3 es far\u00e0 un flashmob per a finalitzar la jornada i en el qual qualsevol persona pot participar \u201cperqu\u00e8 \u00e9s molt f\u00e0cil, acolorit i viu\u201d, ha destacat Haro. El Dia d&#8217;Andalusia \u00e9s el 28 de febrer, per\u00f2 per q\u00fcestions d&#8217;agenda es commemora en la Vall este diumenge 23.<\/p>\n\n\n\n<p> El regidor de Cultura, Jorge Marqu\u00e9s, ha remarcat que des de l&#8217;Ajuntament \u201cdonem suport a este tipus d&#8217;actes que posen de rellev\u00e0ncia la interculturalitat i el reconeixement entre cultures que conviuen i ens enriqueixen\u201d. A m\u00e9s ha recordat que la Vall \u201cha anat formant-se i creixent gr\u00e0cies a un moviment migratori molt important que va vindre d&#8217;Andalusia\u201d.<\/p>\n\n\n\n<p><\/p>\n","protected":false},"excerpt":{"rendered":"<p>L&#8217;Associaci\u00f3 Cultural Amigos de las Sevillanas impulsa una jornada de sevillanes i de record de les arrels andaluses de molts vallers i valleres L&#8217;Ajuntament de la Vall d&#8217;Uix\u00f3 i l&#8217;Associaci\u00f3 Cultural Amigos de las Sevillanas han presentat la celebraci\u00f3 del Dia d&#8217;Andalusia, dins de les IV Jornades d&#8217;Interculturalitat. L&#8217;esdeveniment tindr\u00e0 lloc este diumenge 23 de &#8230; <a title=\"La Vall celebrar\u00e0 el dia d&#8217;Andalusia este 23 de febrer amb sevillanes i un flashmob\" class=\"read-more\" href=\"https:\/\/elcafedepipa.com\/index.php\/2025\/02\/17\/la-vall-celebrara-el-dia-dandalusia-este-23-de-febrer-amb-sevillanes-i-un-flashmob\/\" aria-label=\"M\u00e9s informaci\u00f3 sobre La Vall celebrar\u00e0 el dia d&#8217;Andalusia este 23 de febrer amb sevillanes i un flashmob\">Read more<\/a><\/p>\n","protected":false},"author":2,"featured_media":10905,"comment_status":"closed","ping_status":"closed","sticky":false,"template":"","format":"standard","meta":{"om_disable_all_campaigns":false,"_monsterinsights_skip_tracking":false,"_monsterinsights_sitenote_active":false,"_monsterinsights_sitenote_note":"","_monsterinsights_sitenote_category":0,"_uf_show_specific_survey":0,"_uf_disable_surveys":false,"footnotes":""},"categories":[1],"tags":[],"class_list":["post-10902","post","type-post","status-publish","format-standard","has-post-thumbnail","hentry","category-non-classe"],"_links":{"self":[{"href":"https:\/\/elcafedepipa.com\/index.php\/wp-json\/wp\/v2\/posts\/10902","targetHints":{"allow":["GET"]}}],"collection":[{"href":"https:\/\/elcafedepipa.com\/index.php\/wp-json\/wp\/v2\/posts"}],"about":[{"href":"https:\/\/elcafedepipa.com\/index.php\/wp-json\/wp\/v2\/types\/post"}],"author":[{"embeddable":true,"href":"https:\/\/elcafedepipa.com\/index.php\/wp-json\/wp\/v2\/users\/2"}],"replies":[{"embeddable":true,"href":"https:\/\/elcafedepipa.com\/index.php\/wp-json\/wp\/v2\/comments?post=10902"}],"version-history":[{"count":0,"href":"https:\/\/elcafedepipa.com\/index.php\/wp-json\/wp\/v2\/posts\/10902\/revisions"}],"wp:featuredmedia":[{"embeddable":true,"href":"https:\/\/elcafedepipa.com\/index.php\/wp-json\/wp\/v2\/media\/10905"}],"wp:attachment":[{"href":"https:\/\/elcafedepipa.com\/index.php\/wp-json\/wp\/v2\/media?parent=10902"}],"wp:term":[{"taxonomy":"category","embeddable":true,"href":"https:\/\/elcafedepipa.com\/index.php\/wp-json\/wp\/v2\/categories?post=10902"},{"taxonomy":"post_tag","embeddable":true,"href":"https:\/\/elcafedepipa.com\/index.php\/wp-json\/wp\/v2\/tags?post=10902"}],"curies":[{"name":"wp","href":"https:\/\/api.w.org\/{rel}","templated":true}]}}