{"id":10874,"date":"2025-02-17T11:27:31","date_gmt":"2025-02-17T10:27:31","guid":{"rendered":"https:\/\/elcafedepipa.com\/?p=10874"},"modified":"2025-02-17T11:27:32","modified_gmt":"2025-02-17T10:27:32","slug":"compromis-per-la-vall-referma-la-seua-posicio-com-a-tercera-forca-politica-i-obri-un-proces-descolta-i-participacio-activa","status":"publish","type":"post","link":"https:\/\/elcafedepipa.com\/index.php\/2025\/02\/17\/compromis-per-la-vall-referma-la-seua-posicio-com-a-tercera-forca-politica-i-obri-un-proces-descolta-i-participacio-activa\/","title":{"rendered":"Comprom\u00eds per la Vall referma la seua posici\u00f3 com a tercera for\u00e7a pol\u00edtica i obri un proc\u00e9s d\u2019escolta i participaci\u00f3 activa"},"content":{"rendered":"\n<p><strong>En el congr\u00e9s ha renovat els \u00f2rgans interns, amb Gabriel Gilabert com a nou secretari local i Ana Bernat, que continua com a portaveu<\/strong><\/p>\n\n\n\n<p>Amb el plebiscit dels congressos nacionals i comarcals, Comprom\u00eds per la Vall ha celebrat dissabte el seu congr\u00e9s local, on s\u2019han renovat els principals \u00f2rgans estatutaris. \u201cImagina, crea, transforma\u201d ha estat l\u2019esl\u00f2gan escollit per la formaci\u00f3 per a encetar esta nova etapa a la pol\u00edtica local \u201con volem obrir-nos a la gent, amb un proc\u00e9s d\u2019escolta i participaci\u00f3 activa amb els agents del nostre poble\u201d, ha destacat Gabriel Gilabert.<\/p>\n\n\n\n<p>La nova direcci\u00f3 ha estat escollida per unanimitat, on tamb\u00e9 s\u2019ha donat el vistiplau al full de ruta pol\u00edtic dels pr\u00f2xims mesos. \u201cHui no sols podem dir que som tercera for\u00e7a pol\u00edtica, sin\u00f3 que tenim la for\u00e7a, l\u2019equip i la convicci\u00f3 de continuar millorant eixos resultats en un futur\u201d, ha destacat Gilabert. El nou secretari local tamb\u00e9 ha tingut paraules d\u2019agra\u00efment \u201ccap a la feina de Guillem Roig, que deixa el partit amb una posici\u00f3 immillorable i qui ha confiat en mi per dirigir el partit d\u2019ara endavant\u201d. La portaveu local, Ana Bernat ha volgut remarcar que \u201csom el que som perqu\u00e8 ens impliquem en el poble, el millorem a l\u2019Ajuntament i estem al costat de la gent\u201d i tamb\u00e9 ha fet \u00e8mfasi en \u201cl\u2019acumulaci\u00f3 de c\u00e0rrecs, que ni beneficia ni ajuda a millorar la realitat de la Vall\u201d, agraint tamb\u00e9 a Roig el temps dedicat.<\/p>\n\n\n\n<p>Els representants a l\u2019Ajuntament, Fernando Dar\u00f2s i Jorge Marqu\u00e9s han intervingut per \u201cvalorar tot el que estem aconseguint al govern local, i actuant sempre d&#8217;acord amb les necessitats de la gent\u201d. Marqu\u00e8s ha destacat \u201cque ens esperen dos anys en els quals demostrarem el que ja estem fent, obrint i diversificant la cultura, i posant el focus, la inversi\u00f3 i l\u2019estima als nostres Serveis Socials\u201d. Dar\u00f2s tamb\u00e9 ha assenyalat \u201cque ens trobem en un moment molt reconfortant, gr\u00e0cies tamb\u00e9 a l\u2019impuls local que ha adquirit la formaci\u00f3 amb la nova secretaria comarcal de la Plana Baixa\u201d.<\/p>\n\n\n\n<p>El congr\u00e9s ha comptat amb una \u00e0mplia participaci\u00f3 de la milit\u00e0ncia i tamb\u00e9 de c\u00e0rrecs org\u00e0nics de Comprom\u00eds. Amb aquest acte l\u2019organitzaci\u00f3 de la Vall d\u2019Uix\u00f3 renova la maquin\u00e0ria del partit per a continuar impulsant pol\u00edtiques p\u00fabliques progressistes.<\/p>\n","protected":false},"excerpt":{"rendered":"<p>En el congr\u00e9s ha renovat els \u00f2rgans interns, amb Gabriel Gilabert com a nou secretari local i Ana Bernat, que continua com a portaveu Amb el plebiscit dels congressos nacionals i comarcals, Comprom\u00eds per la Vall ha celebrat dissabte el seu congr\u00e9s local, on s\u2019han renovat els principals \u00f2rgans estatutaris. \u201cImagina, crea, transforma\u201d ha estat &#8230; <a title=\"Comprom\u00eds per la Vall referma la seua posici\u00f3 com a tercera for\u00e7a pol\u00edtica i obri un proc\u00e9s d\u2019escolta i participaci\u00f3 activa\" class=\"read-more\" href=\"https:\/\/elcafedepipa.com\/index.php\/2025\/02\/17\/compromis-per-la-vall-referma-la-seua-posicio-com-a-tercera-forca-politica-i-obri-un-proces-descolta-i-participacio-activa\/\" aria-label=\"M\u00e9s informaci\u00f3 sobre Comprom\u00eds per la Vall referma la seua posici\u00f3 com a tercera for\u00e7a pol\u00edtica i obri un proc\u00e9s d\u2019escolta i participaci\u00f3 activa\">Read more<\/a><\/p>\n","protected":false},"author":2,"featured_media":10879,"comment_status":"closed","ping_status":"closed","sticky":false,"template":"","format":"standard","meta":{"om_disable_all_campaigns":false,"_monsterinsights_skip_tracking":false,"_monsterinsights_sitenote_active":false,"_monsterinsights_sitenote_note":"","_monsterinsights_sitenote_category":0,"_uf_show_specific_survey":0,"_uf_disable_surveys":false,"footnotes":""},"categories":[1],"tags":[],"class_list":["post-10874","post","type-post","status-publish","format-standard","has-post-thumbnail","hentry","category-non-classe"],"_links":{"self":[{"href":"https:\/\/elcafedepipa.com\/index.php\/wp-json\/wp\/v2\/posts\/10874","targetHints":{"allow":["GET"]}}],"collection":[{"href":"https:\/\/elcafedepipa.com\/index.php\/wp-json\/wp\/v2\/posts"}],"about":[{"href":"https:\/\/elcafedepipa.com\/index.php\/wp-json\/wp\/v2\/types\/post"}],"author":[{"embeddable":true,"href":"https:\/\/elcafedepipa.com\/index.php\/wp-json\/wp\/v2\/users\/2"}],"replies":[{"embeddable":true,"href":"https:\/\/elcafedepipa.com\/index.php\/wp-json\/wp\/v2\/comments?post=10874"}],"version-history":[{"count":0,"href":"https:\/\/elcafedepipa.com\/index.php\/wp-json\/wp\/v2\/posts\/10874\/revisions"}],"wp:featuredmedia":[{"embeddable":true,"href":"https:\/\/elcafedepipa.com\/index.php\/wp-json\/wp\/v2\/media\/10879"}],"wp:attachment":[{"href":"https:\/\/elcafedepipa.com\/index.php\/wp-json\/wp\/v2\/media?parent=10874"}],"wp:term":[{"taxonomy":"category","embeddable":true,"href":"https:\/\/elcafedepipa.com\/index.php\/wp-json\/wp\/v2\/categories?post=10874"},{"taxonomy":"post_tag","embeddable":true,"href":"https:\/\/elcafedepipa.com\/index.php\/wp-json\/wp\/v2\/tags?post=10874"}],"curies":[{"name":"wp","href":"https:\/\/api.w.org\/{rel}","templated":true}]}}