{"id":10864,"date":"2025-02-14T15:02:45","date_gmt":"2025-02-14T14:02:45","guid":{"rendered":"https:\/\/elcafedepipa.com\/?p=10864"},"modified":"2025-02-14T15:02:47","modified_gmt":"2025-02-14T14:02:47","slug":"begona-garcia-destaca-laposta-decidida-del-ministeri-dagricultura-pesca-i-alimentacio-per-lus-de-les-aigues-regenerades-al-regadiu","status":"publish","type":"post","link":"https:\/\/elcafedepipa.com\/index.php\/2025\/02\/14\/begona-garcia-destaca-laposta-decidida-del-ministeri-dagricultura-pesca-i-alimentacio-per-lus-de-les-aigues-regenerades-al-regadiu\/","title":{"rendered":"Bego\u00f1a Garc\u00eda destaca l&#8217;aposta decidida del Ministeri d&#8217;Agricultura, Pesca i Alimentaci\u00f3 per l&#8217;\u00fas de les aig\u00fces regenerades al regadiu"},"content":{"rendered":"\n<p><strong>La secret\u00e0ria d&#8217;Estat visita les obres de regadius de la comunitat de regants de Vall d\u2019Uix\u00f3, amb una inversi\u00f3 de 4,5 milions d\u2019euros<br><br>L&#8217;actuaci\u00f3 permetr\u00e0 maximitzar l&#8217;\u00fas d&#8217;aig\u00fces de l&#8217;estaci\u00f3 depuradora i beneficiar\u00e0 899 regants que cultiven 876 hect\u00e0rees<\/strong><\/p>\n\n\n\n<p>La secret\u00e0ria d&#8217;Estat d&#8217;Agricultura i Alimentaci\u00f3, Bego\u00f1a Garc\u00eda, ha visitat  les obres de modernitzaci\u00f3 de regadius que executa el Ministeri d&#8217;Agricultura, Pesca i Alimentaci\u00f3 (MAPA), a la Comunitat de Regants de la Vall d&#8217;Uix\u00f3 (Castell\u00f3) a Castell\u00f3, amb una inversi\u00f3 de 4.573.<\/p>\n\n\n\n<p><br>Segons ha explicat la secret\u00e0ria d&#8217;Estat, aquest projecte, que executa la Societat Estatal d&#8217;Infraestructures Agr\u00e0ries (Seiasa), &#8220;millorar\u00e0 l&#8217;efici\u00e8ncia energ\u00e8tica i la utilitzaci\u00f3 d&#8217;aig\u00fces depurades, buscant aix\u00ed maximitzar l&#8217;\u00fas de l&#8217;aigua regenerada procedent de l&#8217;estaci\u00f3 depuradora d&#8217;aig\u00fces residuals i la millora de les seves condicions&#8221;.<br>En aquest sentit, Bego\u00f1a Garc\u00eda ha destacat que aquestes obres, la finalitzaci\u00f3 de les quals est\u00e0 prevista per al proper mes d&#8217;octubre, beneficiaran 899 regants que cultiven 876 hect\u00e0rees.<\/p>\n\n\n\n<p>A m\u00e9s, la comunitat de regants podr\u00e0 disminuir costos energ\u00e8tics mitjan\u00e7ant la construcci\u00f3 de dues plantes solars fotovoltaiques, aix\u00ed com millorar l&#8217;aprofitament dels recursos h\u00eddrics mitjan\u00e7ant el control i gesti\u00f3 del reg, gr\u00e0cies a una nova plataforma digital de gesti\u00f3 integral.<br>Aquestes actuacions es troben dins del programa per a la millora de l&#8217;efici\u00e8ncia i la sostenibilitat en regadius del Ministeri d&#8217;Agricultura, Pesca i Alimentaci\u00f3, incl\u00f2s al Pla de Recuperaci\u00f3, Transformaci\u00f3 i Resili\u00e8ncia (PRTR).<br>L&#8217;actuaci\u00f3 est\u00e0 finan\u00e7ada amb fons Next Generation de la Uni\u00f3 Europea i el seu car\u00e0cter p\u00fablic-privat suposa que l&#8217;aportaci\u00f3 p\u00fablica ser\u00e0 d&#8217;un m\u00e0xim del 80% del cost de les despeses elegibles, i la resta ho aporta la comunitat de regants i usuaris.<\/p>\n\n\n\n<p>L&#8217;alcaldessa de la Vall d&#8217;Uix\u00f3, ha valorat que &#8220;amb actuacions com aquesta la Vall parla l&#8217;idioma de la lluita contra el canvi clim\u00e0tic, de la digitalitzaci\u00f3, del comprom\u00eds mediambiental i social, de la modernitat i del futur&#8221; ja que far\u00e0 que &#8220;l&#8217;aigua depurada no es perdi, sin\u00f3 que sigui reutilitzada per a reg&#8221;. Aix\u00ed, ha agra\u00eft al Govern d&#8217;Espanya aquesta aposta per la modernitzaci\u00f3 del regadiu, ja que \u00e9s l&#8217;\u00fanica inversi\u00f3 d&#8217;aquest tipus que s&#8217;est\u00e0 fent a la prov\u00edncia de Castell\u00f3. Tamb\u00e9 ha donat les gr\u00e0cies a la Comunitat de Regants per &#8220;defensar la necessitat d&#8217;aquest projecte, fent una gran feina per conv\u00e8ncer els associats i millorar el futur de l&#8217;agricultura de la nostra ciutat, perqu\u00e8 el futur ser\u00e0 sostenible o no ser\u00e0&#8221;.<\/p>\n\n\n\n<figure class=\"wp-block-image size-large\"><img fetchpriority=\"high\" decoding=\"async\" width=\"1024\" height=\"768\" src=\"https:\/\/elcafedepipa.com\/wp-content\/uploads\/2025\/02\/seiasa-2-1024x768.jpeg\" alt=\"\" class=\"wp-image-10866\" srcset=\"https:\/\/elcafedepipa.com\/wp-content\/uploads\/2025\/02\/seiasa-2-1024x768.jpeg 1024w, https:\/\/elcafedepipa.com\/wp-content\/uploads\/2025\/02\/seiasa-2-300x225.jpeg 300w, https:\/\/elcafedepipa.com\/wp-content\/uploads\/2025\/02\/seiasa-2-768x576.jpeg 768w, https:\/\/elcafedepipa.com\/wp-content\/uploads\/2025\/02\/seiasa-2-1536x1152.jpeg 1536w, https:\/\/elcafedepipa.com\/wp-content\/uploads\/2025\/02\/seiasa-2.jpeg 1600w\" sizes=\"(max-width: 1024px) 100vw, 1024px\" \/><\/figure>\n","protected":false},"excerpt":{"rendered":"<p>La secret\u00e0ria d&#8217;Estat visita les obres de regadius de la comunitat de regants de Vall d\u2019Uix\u00f3, amb una inversi\u00f3 de 4,5 milions d\u2019euros L&#8217;actuaci\u00f3 permetr\u00e0 maximitzar l&#8217;\u00fas d&#8217;aig\u00fces de l&#8217;estaci\u00f3 depuradora i beneficiar\u00e0 899 regants que cultiven 876 hect\u00e0rees La secret\u00e0ria d&#8217;Estat d&#8217;Agricultura i Alimentaci\u00f3, Bego\u00f1a Garc\u00eda, ha visitat les obres de modernitzaci\u00f3 de regadius &#8230; <a title=\"Bego\u00f1a Garc\u00eda destaca l&#8217;aposta decidida del Ministeri d&#8217;Agricultura, Pesca i Alimentaci\u00f3 per l&#8217;\u00fas de les aig\u00fces regenerades al regadiu\" class=\"read-more\" href=\"https:\/\/elcafedepipa.com\/index.php\/2025\/02\/14\/begona-garcia-destaca-laposta-decidida-del-ministeri-dagricultura-pesca-i-alimentacio-per-lus-de-les-aigues-regenerades-al-regadiu\/\" aria-label=\"M\u00e9s informaci\u00f3 sobre Bego\u00f1a Garc\u00eda destaca l&#8217;aposta decidida del Ministeri d&#8217;Agricultura, Pesca i Alimentaci\u00f3 per l&#8217;\u00fas de les aig\u00fces regenerades al regadiu\">Read more<\/a><\/p>\n","protected":false},"author":2,"featured_media":10865,"comment_status":"open","ping_status":"open","sticky":false,"template":"","format":"standard","meta":{"om_disable_all_campaigns":false,"_monsterinsights_skip_tracking":false,"_monsterinsights_sitenote_active":false,"_monsterinsights_sitenote_note":"","_monsterinsights_sitenote_category":0,"_uf_show_specific_survey":0,"_uf_disable_surveys":false,"footnotes":""},"categories":[1],"tags":[],"class_list":["post-10864","post","type-post","status-publish","format-standard","has-post-thumbnail","hentry","category-non-classe"],"_links":{"self":[{"href":"https:\/\/elcafedepipa.com\/index.php\/wp-json\/wp\/v2\/posts\/10864","targetHints":{"allow":["GET"]}}],"collection":[{"href":"https:\/\/elcafedepipa.com\/index.php\/wp-json\/wp\/v2\/posts"}],"about":[{"href":"https:\/\/elcafedepipa.com\/index.php\/wp-json\/wp\/v2\/types\/post"}],"author":[{"embeddable":true,"href":"https:\/\/elcafedepipa.com\/index.php\/wp-json\/wp\/v2\/users\/2"}],"replies":[{"embeddable":true,"href":"https:\/\/elcafedepipa.com\/index.php\/wp-json\/wp\/v2\/comments?post=10864"}],"version-history":[{"count":0,"href":"https:\/\/elcafedepipa.com\/index.php\/wp-json\/wp\/v2\/posts\/10864\/revisions"}],"wp:featuredmedia":[{"embeddable":true,"href":"https:\/\/elcafedepipa.com\/index.php\/wp-json\/wp\/v2\/media\/10865"}],"wp:attachment":[{"href":"https:\/\/elcafedepipa.com\/index.php\/wp-json\/wp\/v2\/media?parent=10864"}],"wp:term":[{"taxonomy":"category","embeddable":true,"href":"https:\/\/elcafedepipa.com\/index.php\/wp-json\/wp\/v2\/categories?post=10864"},{"taxonomy":"post_tag","embeddable":true,"href":"https:\/\/elcafedepipa.com\/index.php\/wp-json\/wp\/v2\/tags?post=10864"}],"curies":[{"name":"wp","href":"https:\/\/api.w.org\/{rel}","templated":true}]}}