{"id":10830,"date":"2025-02-14T09:29:01","date_gmt":"2025-02-14T08:29:01","guid":{"rendered":"https:\/\/elcafedepipa.com\/?p=10830"},"modified":"2025-02-14T09:29:02","modified_gmt":"2025-02-14T08:29:02","slug":"2024-va-ser-un-any-de-bany-excellent-a-les-set-platges-de-moncofa","status":"publish","type":"post","link":"https:\/\/elcafedepipa.com\/index.php\/2025\/02\/14\/2024-va-ser-un-any-de-bany-excellent-a-les-set-platges-de-moncofa\/","title":{"rendered":"2024 va ser un any de \u201cbany excel\u00b7lent\u201d a les set platges de Moncofa"},"content":{"rendered":"\n<p><strong>La qualitat de les aig\u00fces en els mostrejos que realitza la Generalitat va ser excel\u00b7lent. Es realitzaren 365 mesuraments per a avaluar la qualitat de l\u2019aigua<\/strong><\/p>\n\n\n\n<p>2024 va ser un any de \u201cbany excel\u00b7lent\u201d a les set platges de Moncofa: Pedra Roja, Grau, Masb\u00f3, Belcaire, La Torre, Beniesma i Estanyol. Aix\u00ed s&#8217;arreplega en l&#8217;informe que ha realitzat la Conselleria d&#8217;Agricultura, Ramaderia i Pesca, despr\u00e9s dels 365 mostrejos realitzats a les platges de Moncofa durant 2024. Els mostrejos es van realitzar en la temporada de bany entre l&#8217;1 de juny de 2024 i el 15 de setembre de 2024.<\/p>\n\n\n\n<p>Els resultats certifiquen que totes les platges van rebre una qualificaci\u00f3 sanit\u00e0ria d&#8217;excel\u00b7lent per a prendre el bany. L&#8217;Ajuntament de Moncofa, a trav\u00e9s del regidor de Platges Francisco Alemany Sales, ha mostrat la seua satisfacci\u00f3 per les dades aportades pels t\u00e8cnics de la Generalitat Valenciana. &#8220;S\u00f3n una mostra m\u00e9s de la qualitat de les aig\u00fces de les platges de Moncofa i reforcen la nostra aposta per la qualitat per a tots els ve\u00efns i visitants que trien la nostra costa&#8221;.<\/p>\n\n\n\n<p>Els controls per part de la Conselleria s\u00f3n constants i permanents. De fet, en algunes de les platges s&#8217;han realitzat una mitjana de quasi 60 mostrejos per a determinar la qualitat de les aig\u00fces, amb un resultat sempre satisfactori i constant.<\/p>\n\n\n\n<p>La m\u00e0xima qualificaci\u00f3 rebuda suposa un nou reconeixement per a les platges de Moncofa, que l&#8217;any passat van renovar quatre distintius de Bandera Blava. A tot aix\u00f2, cal sumar el Sender Blau que continua sent un referent a la Comunitat Valenciana per la possibilitat que oferix de practicar el senderisme al costat del Mediterrani.<\/p>\n\n\n\n<p>La qualitat de les aig\u00fces refor\u00e7a l&#8217;aposta de Moncofa per oferir la m\u00e0xima qualitat als ve\u00efns i visitants que trien les seues platges, unes platges que comen\u00e7aran a omplir-se la pr\u00f2xima Setmana Santa, seguint el lema de \u201cEn Pasqua ja \u00e9s estiu a Moncofa\u201d.<\/p>\n","protected":false},"excerpt":{"rendered":"<p>La qualitat de les aig\u00fces en els mostrejos que realitza la Generalitat va ser excel\u00b7lent. Es realitzaren 365 mesuraments per a avaluar la qualitat de l\u2019aigua 2024 va ser un any de \u201cbany excel\u00b7lent\u201d a les set platges de Moncofa: Pedra Roja, Grau, Masb\u00f3, Belcaire, La Torre, Beniesma i Estanyol. Aix\u00ed s&#8217;arreplega en l&#8217;informe que &#8230; <a title=\"2024 va ser un any de \u201cbany excel\u00b7lent\u201d a les set platges de Moncofa\" class=\"read-more\" href=\"https:\/\/elcafedepipa.com\/index.php\/2025\/02\/14\/2024-va-ser-un-any-de-bany-excellent-a-les-set-platges-de-moncofa\/\" aria-label=\"M\u00e9s informaci\u00f3 sobre 2024 va ser un any de \u201cbany excel\u00b7lent\u201d a les set platges de Moncofa\">Read more<\/a><\/p>\n","protected":false},"author":2,"featured_media":10831,"comment_status":"closed","ping_status":"closed","sticky":false,"template":"","format":"standard","meta":{"om_disable_all_campaigns":false,"_monsterinsights_skip_tracking":false,"_monsterinsights_sitenote_active":false,"_monsterinsights_sitenote_note":"","_monsterinsights_sitenote_category":0,"_uf_show_specific_survey":0,"_uf_disable_surveys":false,"footnotes":""},"categories":[1],"tags":[],"class_list":["post-10830","post","type-post","status-publish","format-standard","has-post-thumbnail","hentry","category-non-classe"],"_links":{"self":[{"href":"https:\/\/elcafedepipa.com\/index.php\/wp-json\/wp\/v2\/posts\/10830","targetHints":{"allow":["GET"]}}],"collection":[{"href":"https:\/\/elcafedepipa.com\/index.php\/wp-json\/wp\/v2\/posts"}],"about":[{"href":"https:\/\/elcafedepipa.com\/index.php\/wp-json\/wp\/v2\/types\/post"}],"author":[{"embeddable":true,"href":"https:\/\/elcafedepipa.com\/index.php\/wp-json\/wp\/v2\/users\/2"}],"replies":[{"embeddable":true,"href":"https:\/\/elcafedepipa.com\/index.php\/wp-json\/wp\/v2\/comments?post=10830"}],"version-history":[{"count":0,"href":"https:\/\/elcafedepipa.com\/index.php\/wp-json\/wp\/v2\/posts\/10830\/revisions"}],"wp:featuredmedia":[{"embeddable":true,"href":"https:\/\/elcafedepipa.com\/index.php\/wp-json\/wp\/v2\/media\/10831"}],"wp:attachment":[{"href":"https:\/\/elcafedepipa.com\/index.php\/wp-json\/wp\/v2\/media?parent=10830"}],"wp:term":[{"taxonomy":"category","embeddable":true,"href":"https:\/\/elcafedepipa.com\/index.php\/wp-json\/wp\/v2\/categories?post=10830"},{"taxonomy":"post_tag","embeddable":true,"href":"https:\/\/elcafedepipa.com\/index.php\/wp-json\/wp\/v2\/tags?post=10830"}],"curies":[{"name":"wp","href":"https:\/\/api.w.org\/{rel}","templated":true}]}}